{"id":258724,"date":"2026-06-01T09:30:15","date_gmt":"2026-06-01T09:30:15","guid":{"rendered":"https:\/\/bonoro.com.br\/shop\/2026\/06\/bicama-infantil-com-grade-de-protecao-aria-casatema-nogueira-branco-r-1603-36\/"},"modified":"2026-06-01T09:30:15","modified_gmt":"2026-06-01T09:30:15","slug":"bicama-infantil-com-grade-de-protecao-aria-casatema-nogueira-branco-r-1603-36","status":"publish","type":"post","link":"https:\/\/bonoro.com.br\/shop\/2026\/06\/bicama-infantil-com-grade-de-protecao-aria-casatema-nogueira-branco-r-1603-36\/","title":{"rendered":"Bicama Infantil com Grade de Prote\u00e7\u00e3o Aria Casatema Nogueira\/Branco &#8211; R$ 1603.36"},"content":{"rendered":"<h2><\/h2>\n<h3>Bicama Infantil com Grade de Prote\u00e7\u00e3o Aria Casatema Nogueira\/Branco teve o pre\u00e7o, no dia acima especificado, de <strong>R$ 1603.36<\/strong>.<\/h3>\n<p>Confira o pre\u00e7o atual aqui: <a href=\"https:\/\/www.awin1.com\/cread.php?awinmid=100453&#038;awinaffid=690303&#038;ued=https:\/\/www.casatema.com.br\/bicama-infantil-com-grade-de-protecao-aria-casatema-nogueira-branco\/p?idsku=847189256\" rel=\"sponsored\" target=\"_blank\"><img decoding=\"async\" src=\"https:\/\/ui.awin.com\/images\/upload\/merchant\/profile\/100453.png\" alt=\"Bicama Infantil com Grade de Prote\u00e7\u00e3o Aria Casatema Nogueira\/Branco\" \/> &#8211; nas lojas Casa Tema BR<\/a><\/p>\n<p><img decoding=\"async\" src=\"https:\/\/casatema.vteximg.com.br\/arquivos\/ids\/1418804_2\" alt=\"Bicama Infantil com Grade de Prote\u00e7\u00e3o Aria Casatema Nogueira\/Branco\" \/><br \/>\nBicama Infantil com Grade de Prote\u00e7\u00e3o Aria Casatema Nogueira\/Branco  .body-casatema-use-internal { font-family: Arial, sans-serif; line-height: 1.6; } .container-casatema-use-internal { width: 80%; margin: 0 auto; padding: 20px; } .hx-casatema-use-internal { color: #333; } .ul-casatema-use-internal { list-style-type: none; padding: 0; } .li-casatema-use-internal { background: #f4f4f4; margin: 5px 0; padding: 10px; border-radius: 5px; } .highlight-casatema-use-internal { font-weight: bold; } .image-container-casatema-use-internal, .img-casatema-use-internal { width: 100%; height: auto; } \/* CSS para os atributos *\/ .table-attr-casatema-use-internal { border-spacing: 0px; width: 100%; } .table-attr-casatema-use-internal tr:nth-child(even) { background: #ffffff; } .table-attr-casatema-use-internal tr:nth-child(odd) { background: #dfede9; } .td-left-attr-casatema-use-internal { padding: 10px; width: 30%; font-weight: bold; } .td-right-attr-casatema-use-internal { padding: 10px; width: 70%; } .div-left-attr-casatema-use-internal { width: 100%; } .div-right-attr-casatema-use-internal { width: 100%; } .div-group-attr-casatema-use-internal { padding-bottom: 10px; } @media (min-width: 1224px) { .div-left-attr-casatema-use-internal { width: 49%; float: left; } .div-right-attr-casatema-use-internal { width: 49%; float: right; } }     Bicama Infantil com Grade de Prote\u00e7\u00e3o Aria Casatema Madeiraoriginals Nogueira\/Branco. Proporcione ao seu filho um ambiente de crescimento, liberdade e aconchego com a Linha Aria, projetado para se adaptar a cada fase da inf\u00e2ncia. A Cama Solteiro Revers\u00edvel \u00e9 a base vers\u00e1til deste conjunto, constru\u00edda com a solidez e a beleza da madeira maci\u00e7a de pinus, finalizada com verniz fosco nogueira e toques de MDF laqueado branco. Sua caracter\u00edstica revers\u00edvel \u00e9 m\u00e1gica: permite a montagem na altura Montessoriana, incentivando a autonomia desde cedo, ou na altura tradicional, crescendo junto com o pequeno aventureiro. Para garantir que todas as noites sejam tranquilas, a Grade de Prote\u00e7\u00e3o Lateral se acopla de forma segura, oferecendo uma barreira suave e essencial contra quedas. E para que o quarto esteja sempre pronto para receber amigos, a Cama Auxiliar \u00e9 a solu\u00e7\u00e3o perfeita de praticidade. Ela desliza discretamente para fora da base gra\u00e7as aos rod\u00edzios pr\u00e1ticos, revelando um terceiro lugar confort\u00e1vel para o h\u00f3spede surpresa ou para acomodar um irm\u00e3o, sem comprometer o espa\u00e7o de brincadeiras. Este conjunto da Casatema une a funcionalidade de tr\u00eas camas em um design limpo e sofisticado, onde a seguran\u00e7a priorit\u00e1ria e a durabilidade atemporal da madeira criam o ref\u00fagio ideal para que a inf\u00e2ncia flores\u00e7a em harmonia e leveza.   Atributos em an\u00e1liseTamanho do Colch\u00e3o Indicado Cama Auxiliar (L x C)188x78x14cmGarantiaGarantia12 MesesItens InclusosAcompanha Cama AuxiliarSimAcompanha Colch\u00e3oN\u00e3oAcompanha DosselN\u00e3oCama Auxiliar Acompanha Colch\u00e3oN\u00e3oItens Inclusos1 Cama, 1 cama auxiliar, 1 grade, kits de ferragem e manual de montagemMateriais e AcabamentosAcabamentoLacaEscala de BrilhoSemi-FoscoMaterial PrincipalMDFMontagemMontagem FlexPode ser montado na vers\u00e3o montessoriana ou de cama padr\u00e3oNecessita MontagemSimRecomenda\u00e7\u00f5es de Uso, Manuten\u00e7\u00e3o e LimpezaNa limpeza n\u00e3o utilizar produtos qu\u00edmicos e abrasivos, usar apenas um pano umedecido, para garantir a maior durabilidade do m\u00f3vel.Sistema de MontagemParafusos e CavilhasOutras caracter\u00edsticasAmbientenullMaterial do EstradoMultilaminadoPesos e Dimens\u00f5esAltura (cm)61.0Altura do Conjunto61.0Altura do Estrado at\u00e9 o Ch\u00e3o32.0Largura (cm)202.0Largura M\u00e1xima181.0Largura M\u00ednima96.0Largura do Conjunto188.0Peso (kg)46.0Profundidade (cm)181.0Caracter\u00edsticasAcompanha Grade de Prote\u00e7\u00e3oSimAmbiente PrincipalQuarto InfantilCama Auxiliar Suporta At\u00e9 (kg)100.0Cama Auxiliar com Rod\u00edzioSimCor PredominanteMarromCor do ProdutoNogueira\/BrancoExtens\u00edvelSimFabrica\u00e7\u00e3o Pr\u00f3priaSimLinha ou Cole\u00e7\u00e3oAriaMarcaCasatemaModularN\u00e3oOrigem do ProdutoNacionalPermite a Utiliza\u00e7\u00e3o de Cama AuxiliarSimPossui GavetasN\u00e3oPossui PortasN\u00e3oPossui PrateleirasN\u00e3oPossui P\u00e9sN\u00e3oPossui TelhadoN\u00e3oSuporta At\u00e9 (kg)100.0Tamanho da CamaSolteiroTamanho do Colch\u00e3oSolteiroTamanho do Colch\u00e3o Indicado (L x C)188x88x14cmTipo de CamaBicamaTipo de EstradoFixoTipo de Grade de Prote\u00e7\u00e3oGrade<\/p>\n<hr \/>\n<h4>Aproveite e pesquise o pre\u00e7o deste produto em dezenas de lojas dos marketplaces abaixo:<\/h4>\n<p><a href=\"https:\/\/www.magazinevoce.com.br\/magazineezu\/busca\/Bicama Infantil com Grade de Prote\u00e7\u00e3o Aria Casatema Nogueira\/Branco\/\" target=\"_blank\" rel=\"noopener\"><img decoding=\"async\" src=\"https:\/\/bateroda.com.br\/marketplace\/logos\/magaezu.jpg\" alt=\"Pesquise no Magazine eZu\" \/> &#8211; Magazine eZu<\/a><\/p>\n<hr \/>\n<p><!-- START ADVERTISER: Webcontinental BR from awin.com --><\/p>\n<p><a href=\"https:\/\/www.awin1.com\/cread.php?awinmid=17743&#038;awinaffid=690303&#038;ued=https%3A%2F%2Fwww.webcontinental.com.br%2FBicama Infantil com Grade de Prote\u00e7\u00e3o Aria Casatema Nogueira\/Branco%3F_q%3DBicama Infantil com Grade de Prote\u00e7\u00e3o Aria Casatema Nogueira\/Branco%26map%3Dft\" rel=\"sponsored\"><img decoding=\"async\" src=\"https:\/\/lojawebcontinental.vtexassets.com\/arquivos\/logo-webcontinental-checkout.png\" border=\"0\" \/> &#8211; Loja Online.<\/a><\/p>\n<p><!-- END ADVERTISER: Webcontinental BR from awin.com --><\/p>\n","protected":false},"excerpt":{"rendered":"<p>R$ 1603.36 nas lojas <a href=\"https:\/\/www.awin1.com\/pclick.php?p=44999525762&#038;a=690303&#038;m=100453\" target=\"_blank\" rel=\"sponsored\">Casa Tema BR<\/a> <a class=\"more-link\" href=\"https:\/\/bonoro.com.br\/shop\/2026\/06\/bicama-infantil-com-grade-de-protecao-aria-casatema-nogueira-branco-r-1603-36\/\">\u2192<\/a><\/p>\n","protected":false},"author":1,"featured_media":0,"comment_status":"closed","ping_status":"closed","sticky":false,"template":"","format":"standard","meta":{"footnotes":""},"categories":[198],"tags":[15655,15654,205],"class_list":["post-258724","post","type-post","status-publish","format-standard","hentry","category-produtos","tag-1603-36","tag-bicama-infantil-com-grade-de-protecao-aria-casatema-nogueira-branco","tag-casa-tema-br"],"_links":{"self":[{"href":"https:\/\/bonoro.com.br\/shop\/wp-json\/wp\/v2\/posts\/258724","targetHints":{"allow":["GET"]}}],"collection":[{"href":"https:\/\/bonoro.com.br\/shop\/wp-json\/wp\/v2\/posts"}],"about":[{"href":"https:\/\/bonoro.com.br\/shop\/wp-json\/wp\/v2\/types\/post"}],"author":[{"embeddable":true,"href":"https:\/\/bonoro.com.br\/shop\/wp-json\/wp\/v2\/users\/1"}],"replies":[{"embeddable":true,"href":"https:\/\/bonoro.com.br\/shop\/wp-json\/wp\/v2\/comments?post=258724"}],"version-history":[{"count":0,"href":"https:\/\/bonoro.com.br\/shop\/wp-json\/wp\/v2\/posts\/258724\/revisions"}],"wp:attachment":[{"href":"https:\/\/bonoro.com.br\/shop\/wp-json\/wp\/v2\/media?parent=258724"}],"wp:term":[{"taxonomy":"category","embeddable":true,"href":"https:\/\/bonoro.com.br\/shop\/wp-json\/wp\/v2\/categories?post=258724"},{"taxonomy":"post_tag","embeddable":true,"href":"https:\/\/bonoro.com.br\/shop\/wp-json\/wp\/v2\/tags?post=258724"}],"curies":[{"name":"wp","href":"https:\/\/api.w.org\/{rel}","templated":true}]}}