{"id":258668,"date":"2026-06-14T00:05:18","date_gmt":"2026-06-14T00:05:18","guid":{"rendered":"https:\/\/bonoro.com.br\/shop\/2026\/06\/kit-2-prateleiras-para-quarto-infantil-nuvem-branco-rosa-branco-rosa-r-124-97\/"},"modified":"2026-06-14T00:05:18","modified_gmt":"2026-06-14T00:05:18","slug":"kit-2-prateleiras-para-quarto-infantil-nuvem-branco-rosa-branco-rosa-r-124-97","status":"publish","type":"post","link":"https:\/\/bonoro.com.br\/shop\/2026\/06\/kit-2-prateleiras-para-quarto-infantil-nuvem-branco-rosa-branco-rosa-r-124-97\/","title":{"rendered":"Kit 2 Prateleiras para Quarto Infantil Nuvem Branco\/Rosa branco \/ rosa &#8211; R$ 124.97"},"content":{"rendered":"<h2><\/h2>\n<h3>Kit 2 Prateleiras para Quarto Infantil Nuvem Branco\/Rosa branco \/ rosa teve o pre\u00e7o, no dia acima especificado, de <strong>R$ 124.97<\/strong>.<\/h3>\n<p>Confira o pre\u00e7o atual aqui: <a href=\"https:\/\/www.awin1.com\/cread.php?awinmid=100453&#038;awinaffid=690303&#038;ued=https:\/\/www.casatema.com.br\/kit-2-prateleiras-para-quarto-infantil-nuvem-branco---rosa\/p?idsku=285692825\" rel=\"sponsored\" target=\"_blank\"><img decoding=\"async\" src=\"https:\/\/ui.awin.com\/images\/upload\/merchant\/profile\/100453.png\" alt=\"Kit 2 Prateleiras para Quarto Infantil Nuvem Branco\/Rosa branco \/ rosa\" \/> &#8211; nas lojas Casa Tema BR<\/a><\/p>\n<p><img decoding=\"async\" src=\"https:\/\/casatema.vteximg.com.br\/arquivos\/ids\/1417905_2\" alt=\"Kit 2 Prateleiras para Quarto Infantil Nuvem Branco\/Rosa branco \/ rosa\" \/><br \/>\nKit 2 Prateleiras para Quarto Infantil Nuvem Branco\/Rosa branco \/ rosa  .body-casatema-use-internal { font-family: Arial, sans-serif; line-height: 1.6; } .container-casatema-use-internal { width: 80%; margin: 0 auto; padding: 20px; } .hx-casatema-use-internal { color: #333; } .ul-casatema-use-internal { list-style-type: none; padding: 0; } .li-casatema-use-internal { background: #f4f4f4; margin: 5px 0; padding: 10px; border-radius: 5px; } .highlight-casatema-use-internal { font-weight: bold; } .image-container-casatema-use-internal, .img-casatema-use-internal { width: 100%; height: auto; } \/* CSS para os atributos *\/ .table-attr-casatema-use-internal { border-spacing: 0px; width: 100%; } .table-attr-casatema-use-internal tr:nth-child(even) { background: #ffffff; } .table-attr-casatema-use-internal tr:nth-child(odd) { background: #dfede9; } .td-left-attr-casatema-use-internal { padding: 10px; width: 30%; font-weight: bold; } .td-right-attr-casatema-use-internal { padding: 10px; width: 70%; } .div-left-attr-casatema-use-internal { width: 100%; } .div-right-attr-casatema-use-internal { width: 100%; } .div-group-attr-casatema-use-internal { padding-bottom: 10px; } @media (min-width: 1224px) { .div-left-attr-casatema-use-internal { width: 49%; float: left; } .div-right-attr-casatema-use-internal { width: 49%; float: right; } }     Kit 2 Prateleiras para Quarto Infantil Nuvem Branco\/Rosa branco \/ rosa. Transforme o quarto das crian\u00e7as em um verdadeiro conto de fadas com nossas encantadoras prateleiras em formato de nuvem! Com design l\u00fadico e acabamento em rosa suave, elas s\u00e3o perfeitas para organizar livros, brinquedos e objetos decorativos, trazendo charme e funcionalidade ao ambiente. Ideais para incentivar a imagina\u00e7\u00e3o e manter o espa\u00e7o sempre arrumado, essas prateleiras decorativas combinam com qualquer estilo de quarto infantil. Produzidas com materiais de qualidade, s\u00e3o seguras, resistentes e f\u00e1ceis de instalar. Um toque m\u00e1gico que vai conquistar os pequenos e encantar os adultos!   Caracter\u00edsticasAmbiente PrincipalQuarto InfantilCorBranco\/RosaCor PredominanteRosaCor do ProdutoBranco \/ RosaLinha ou Cole\u00e7\u00e3oNuvemMarcaJPF M\u00f3veisOrigem do ProdutoNacionalPeso M\u00e1ximo por Prateleira9.0Possui NichosSimPossui PrateleirasSimQuantidade de GavetasN\u00e3o PossuiQuantidade de Prateleiras02 PrateleirasSuporta At\u00e9 (kg)9.0Tipo de Fixa\u00e7\u00e3o da PrateleiraSuporte EmbutidoPesos e Dimens\u00f5esAltura (cm)30.0Largura (cm)60.0Peso (kg)2.2Profundidade (cm)2.8Documentos AdicionaisManual de Montagem e Instala\u00e7\u00e3oClique aqui para acessarGarantiaGarantia24 MesesItens InclusosItens Inclusos2 Prateleiras, Kit Ferragens e Manual de MontagemMateriais e AcabamentosAcabamentoPinturaEscala de BrilhoFoscoMaterial PrincipalMDFMontagemNecessita MontagemN\u00e3oRecomenda\u00e7\u00f5es de Uso, Manuten\u00e7\u00e3o e LimpezaPano \u00famidoOutras caracter\u00edsticasPossui EspelhoN\u00e3o Possui<\/p>\n<hr \/>\n<h4>Aproveite e pesquise o pre\u00e7o deste produto em dezenas de lojas dos marketplaces abaixo:<\/h4>\n<p><a href=\"https:\/\/www.magazinevoce.com.br\/magazineezu\/busca\/Kit 2 Prateleiras para Quarto Infantil Nuvem Branco\/Rosa branco \/ rosa\/\" target=\"_blank\" rel=\"noopener\"><img decoding=\"async\" src=\"https:\/\/bateroda.com.br\/marketplace\/logos\/magaezu.jpg\" alt=\"Pesquise no Magazine eZu\" \/> &#8211; Magazine eZu<\/a><\/p>\n<hr \/>\n<p><!-- START ADVERTISER: Webcontinental BR from awin.com --><\/p>\n<p><a href=\"https:\/\/www.awin1.com\/cread.php?awinmid=17743&#038;awinaffid=690303&#038;ued=https%3A%2F%2Fwww.webcontinental.com.br%2FKit 2 Prateleiras para Quarto Infantil Nuvem Branco\/Rosa branco \/ rosa%3F_q%3DKit 2 Prateleiras para Quarto Infantil Nuvem Branco\/Rosa branco \/ rosa%26map%3Dft\" rel=\"sponsored\"><img decoding=\"async\" src=\"https:\/\/lojawebcontinental.vtexassets.com\/arquivos\/logo-webcontinental-checkout.png\" border=\"0\" \/> &#8211; Loja Online.<\/a><\/p>\n<p><!-- END ADVERTISER: Webcontinental BR from awin.com --><\/p>\n","protected":false},"excerpt":{"rendered":"<p>R$ 124.97 nas lojas <a href=\"https:\/\/www.awin1.com\/pclick.php?p=44999525706&#038;a=690303&#038;m=100453\" target=\"_blank\" rel=\"sponsored\">Casa Tema BR<\/a> <a class=\"more-link\" href=\"https:\/\/bonoro.com.br\/shop\/2026\/06\/kit-2-prateleiras-para-quarto-infantil-nuvem-branco-rosa-branco-rosa-r-124-97\/\">\u2192<\/a><\/p>\n","protected":false},"author":1,"featured_media":0,"comment_status":"closed","ping_status":"closed","sticky":false,"template":"","format":"standard","meta":{"footnotes":""},"categories":[198],"tags":[15585,205,15586],"class_list":["post-258668","post","type-post","status-publish","format-standard","hentry","category-produtos","tag-124-97","tag-casa-tema-br","tag-kit-2-prateleiras-para-quarto-infantil-nuvem-branco-rosa-branco-rosa"],"_links":{"self":[{"href":"https:\/\/bonoro.com.br\/shop\/wp-json\/wp\/v2\/posts\/258668","targetHints":{"allow":["GET"]}}],"collection":[{"href":"https:\/\/bonoro.com.br\/shop\/wp-json\/wp\/v2\/posts"}],"about":[{"href":"https:\/\/bonoro.com.br\/shop\/wp-json\/wp\/v2\/types\/post"}],"author":[{"embeddable":true,"href":"https:\/\/bonoro.com.br\/shop\/wp-json\/wp\/v2\/users\/1"}],"replies":[{"embeddable":true,"href":"https:\/\/bonoro.com.br\/shop\/wp-json\/wp\/v2\/comments?post=258668"}],"version-history":[{"count":0,"href":"https:\/\/bonoro.com.br\/shop\/wp-json\/wp\/v2\/posts\/258668\/revisions"}],"wp:attachment":[{"href":"https:\/\/bonoro.com.br\/shop\/wp-json\/wp\/v2\/media?parent=258668"}],"wp:term":[{"taxonomy":"category","embeddable":true,"href":"https:\/\/bonoro.com.br\/shop\/wp-json\/wp\/v2\/categories?post=258668"},{"taxonomy":"post_tag","embeddable":true,"href":"https:\/\/bonoro.com.br\/shop\/wp-json\/wp\/v2\/tags?post=258668"}],"curies":[{"name":"wp","href":"https:\/\/api.w.org\/{rel}","templated":true}]}}