{"id":258565,"date":"2026-06-29T01:21:00","date_gmt":"2026-06-29T01:21:00","guid":{"rendered":"https:\/\/bonoro.com.br\/shop\/2026\/06\/berco-vira-cama-em-mdf-96cm-x-795cm-joy-off-white-nogueira-r-1333-31\/"},"modified":"2026-06-29T01:21:00","modified_gmt":"2026-06-29T01:21:00","slug":"berco-vira-cama-em-mdf-96cm-x-795cm-joy-off-white-nogueira-r-1333-31","status":"publish","type":"post","link":"https:\/\/bonoro.com.br\/shop\/2026\/06\/berco-vira-cama-em-mdf-96cm-x-795cm-joy-off-white-nogueira-r-1333-31\/","title":{"rendered":"Ber\u00e7o Vira Cama em Mdf 96cm X 79,5cm Joy Off White\/Nogueira &#8211; R$ 1333.31"},"content":{"rendered":"<h2><\/h2>\n<h3>Ber\u00e7o Vira Cama em Mdf 96cm X 79,5cm Joy Off White\/Nogueira teve o pre\u00e7o, no dia acima especificado, de <strong>R$ 1333.31<\/strong>.<\/h3>\n<p>Confira o pre\u00e7o atual aqui: <a href=\"https:\/\/www.awin1.com\/cread.php?awinmid=100453&#038;awinaffid=690303&#038;ued=https:\/\/www.casatema.com.br\/berco-vira-cama-em-mdf-96cm-x-79-5cm-joy-off-white-nogueira\/p?idsku=218653957\" rel=\"sponsored\" target=\"_blank\"><img decoding=\"async\" src=\"https:\/\/ui.awin.com\/images\/upload\/merchant\/profile\/100453.png\" alt=\"Ber\u00e7o Vira Cama em Mdf 96cm X 79,5cm Joy Off White\/Nogueira\" \/> &#8211; nas lojas Casa Tema BR<\/a><\/p>\n<p><img decoding=\"async\" src=\"https:\/\/casatema.vteximg.com.br\/arquivos\/ids\/1415938_2\" alt=\"Ber\u00e7o Vira Cama em Mdf 96cm X 79,5cm Joy Off White\/Nogueira\" \/><br \/>\nBer\u00e7o Vira Cama em Mdf 96cm X 79,5cm Joy Off White\/Nogueira  .body-casatema-use-internal { font-family: Arial, sans-serif; line-height: 1.6; } .container-casatema-use-internal { width: 80%; margin: 0 auto; padding: 20px; } .hx-casatema-use-internal { color: #333; } .ul-casatema-use-internal { list-style-type: none; padding: 0; } .li-casatema-use-internal { background: #f4f4f4; margin: 5px 0; padding: 10px; border-radius: 5px; } .highlight-casatema-use-internal { font-weight: bold; } .image-container-casatema-use-internal, .img-casatema-use-internal { width: 100%; height: auto; } \/* CSS para os atributos *\/ .table-attr-casatema-use-internal { border-spacing: 0px; width: 100%; } .table-attr-casatema-use-internal tr:nth-child(even) { background: #ffffff; } .table-attr-casatema-use-internal tr:nth-child(odd) { background: #dfede9; } .td-left-attr-casatema-use-internal { padding: 10px; width: 30%; font-weight: bold; } .td-right-attr-casatema-use-internal { padding: 10px; width: 70%; } .div-left-attr-casatema-use-internal { width: 100%; } .div-right-attr-casatema-use-internal { width: 100%; } .div-group-attr-casatema-use-internal { padding-bottom: 10px; } @media (min-width: 1224px) { .div-left-attr-casatema-use-internal { width: 49%; float: left; } .div-right-attr-casatema-use-internal { width: 49%; float: right; } }     Ber\u00e7o Vira Cama em Mdf 96cm X 79,5cm Joy Off White\/Nogueira. O Ber\u00e7o Mini Cama Joy \u00e9 a escolha perfeita para garantir o conforto e a seguran\u00e7a do seu beb\u00ea. Com design moderno, se adapta a qualquer estilo de quarto infantil.Base de madeira maci\u00e7a reflorestada, com espessura de 25cm; frentes de gaveta em baixo relevo; acabamento laca; pintura at\u00f3xica; ferragens padr\u00e3o ouro velho envelhecido; p\u00e9s robustos e torneados de madeira maci\u00e7a; tr\u00eas regulagens de altura do estrado, transforma-se em mini cama. Cada curva, cada detalhe, \u00e9 um compromisso com a beleza e a responsabilidade ambiental. Uma pe\u00e7a que une a eleg\u00e2ncia da natureza \u00e0 sustentabilidade, tornando seu espa\u00e7o mais bonito e o planeta mais verde. Um m\u00f3vel perfeito para o quarto do beb\u00ea, que alia conforto, qualidade e durabilidade.   Caracter\u00edsticasAmbiente PrincipalQuarto de Beb\u00eaBer\u00e7o 3 em 1N\u00e3oCapiton\u00eaN\u00e3oCor PredominanteBrancoCor do ProdutoOff White\/NogueiraEspa\u00e7o Entre as Barras das Grades5.1EstiloR\u00fasticoEstrado Regul\u00e1vel em Quantas Posi\u00e7\u00f5es3Estrado com Regulagem de AlturaSimGaveta com ChaveN\u00e3oLinha ou Cole\u00e7\u00e3oJoyMarcaM\u00f3veis SerpilMaterial da CabeceiraMDFMultifun\u00e7\u00e3o FlexMultifun\u00e7\u00e3o FlexOp\u00e7\u00f5es de Altura do Estrado352,5; 453; 553Origem do ProdutoNacionalPermite a Utiliza\u00e7\u00e3o de Cama AuxiliarN\u00e3oPeso M\u00e1ximo por Gaveta7.0Pintura At\u00f3xicaSimPort\u00e1tilSimPossui PortasN\u00e3oPossui PrateleirasN\u00e3oPossui P\u00e9sSimPossui Rod\u00edzioN\u00e3oSapatas NiveladorasN\u00e3oSistema Anti-RefluxoN\u00e3oSuporta At\u00e9 (kg)25.0Tamanho do Colch\u00e3o Indicado (L x C)130x070x012Tipo de Ber\u00e7oBer\u00e7o Mini CamaTipo de CertificadoINMETRO \u2013 001650\/2025Tipo de EstradoRemov\u00edvelTipo de Grade do Ber\u00e7oM\u00f3velTipo de Puxador da GavetaExternoDocumentos AdicionaisManual de Montagem e Instala\u00e7\u00e3oClique aqui para acessarGarantiaGarantia03 MesesItens InclusosAcompanha Cama AuxiliarN\u00e3oAcompanha Colch\u00e3oN\u00e3oAcompanha DosselN\u00e3oAcompanha M\u00f3bileN\u00e3oAcompanha Suporte para MosquiteiroSim Sem V\u00e9uItens Inclusos1 Ber\u00e7o, Manual de instru\u00e7\u00f5es e Kit FerragensMateriais e AcabamentosAcabamentoPintura UVAcabamento da GavetaPinturaAcabamento dos P\u00e9sPinturaEscala de BrilhoSemi-BrilhoEscala de Brilho da GavetaSemi-BrilhoMaterial PrincipalMDFMaterial da GavetaMDFMaterial do EstradoMDFMaterial do Puxador da GavetaMetalMaterial dos P\u00e9sMadeira Maci\u00e7aTipo de Corredi\u00e7a da GavetaMet\u00e1lica Telesc\u00f3picaTipo de Madeira Maci\u00e7a dos P\u00e9sPinusMontagemComplexidade da MontagemM\u00e9dia: pode ser montado por mais de uma pessoa e\/ou necessite de maior conhecimento para montagemNecessita MontagemSimRecomenda\u00e7\u00f5es de Uso, Manuten\u00e7\u00e3o e LimpezaUse um pano macio levemente umedecido. N\u00e3o utilizar produtos abrasivos.Sistema de MontagemParafusos, cavilhas e hastes.Outras caracter\u00edsticasMaterial da Gradepinus\/mdfPossui Gavetas2Pesos e Dimens\u00f5esAltura (cm)96.0Altura do Estrado at\u00e9 o Ch\u00e3o10.0Altura dos P\u00e9s10.5Largura (cm)79.5Peso (kg)55.0Profundidade (cm)138.5<\/p>\n<hr \/>\n<h4>Aproveite e pesquise o pre\u00e7o deste produto em dezenas de lojas dos marketplaces abaixo:<\/h4>\n<p><a href=\"https:\/\/www.magazinevoce.com.br\/magazineezu\/busca\/Ber\u00e7o Vira Cama em Mdf 96cm X 79,5cm Joy Off White\/Nogueira\/\" target=\"_blank\" rel=\"noopener\"><img decoding=\"async\" src=\"https:\/\/bateroda.com.br\/marketplace\/logos\/magaezu.jpg\" alt=\"Pesquise no Magazine eZu\" \/> &#8211; Magazine eZu<\/a><\/p>\n<hr \/>\n<p><!-- START ADVERTISER: Webcontinental BR from awin.com --><\/p>\n<p><a href=\"https:\/\/www.awin1.com\/cread.php?awinmid=17743&#038;awinaffid=690303&#038;ued=https%3A%2F%2Fwww.webcontinental.com.br%2FBer\u00e7o Vira Cama em Mdf 96cm X 79,5cm Joy Off White\/Nogueira%3F_q%3DBer\u00e7o Vira Cama em Mdf 96cm X 79,5cm Joy Off White\/Nogueira%26map%3Dft\" rel=\"sponsored\"><img decoding=\"async\" src=\"https:\/\/lojawebcontinental.vtexassets.com\/arquivos\/logo-webcontinental-checkout.png\" border=\"0\" \/> &#8211; Loja Online.<\/a><\/p>\n<p><!-- END ADVERTISER: Webcontinental BR from awin.com --><\/p>\n","protected":false},"excerpt":{"rendered":"<p>R$ 1333.31 nas lojas <a href=\"https:\/\/www.awin1.com\/pclick.php?p=44999525603&#038;a=690303&#038;m=100453\" target=\"_blank\" rel=\"sponsored\">Casa Tema BR<\/a> <a class=\"more-link\" href=\"https:\/\/bonoro.com.br\/shop\/2026\/06\/berco-vira-cama-em-mdf-96cm-x-795cm-joy-off-white-nogueira-r-1333-31\/\">\u2192<\/a><\/p>\n","protected":false},"author":1,"featured_media":0,"comment_status":"closed","ping_status":"closed","sticky":false,"template":"","format":"standard","meta":{"footnotes":""},"categories":[198],"tags":[15013,15426,15425,205],"class_list":["post-258565","post","type-post","status-publish","format-standard","hentry","category-produtos","tag-1333-31","tag-5cm-joy-off-white-nogueira","tag-berco-vira-cama-em-mdf-96cm-x-79","tag-casa-tema-br"],"_links":{"self":[{"href":"https:\/\/bonoro.com.br\/shop\/wp-json\/wp\/v2\/posts\/258565","targetHints":{"allow":["GET"]}}],"collection":[{"href":"https:\/\/bonoro.com.br\/shop\/wp-json\/wp\/v2\/posts"}],"about":[{"href":"https:\/\/bonoro.com.br\/shop\/wp-json\/wp\/v2\/types\/post"}],"author":[{"embeddable":true,"href":"https:\/\/bonoro.com.br\/shop\/wp-json\/wp\/v2\/users\/1"}],"replies":[{"embeddable":true,"href":"https:\/\/bonoro.com.br\/shop\/wp-json\/wp\/v2\/comments?post=258565"}],"version-history":[{"count":0,"href":"https:\/\/bonoro.com.br\/shop\/wp-json\/wp\/v2\/posts\/258565\/revisions"}],"wp:attachment":[{"href":"https:\/\/bonoro.com.br\/shop\/wp-json\/wp\/v2\/media?parent=258565"}],"wp:term":[{"taxonomy":"category","embeddable":true,"href":"https:\/\/bonoro.com.br\/shop\/wp-json\/wp\/v2\/categories?post=258565"},{"taxonomy":"post_tag","embeddable":true,"href":"https:\/\/bonoro.com.br\/shop\/wp-json\/wp\/v2\/tags?post=258565"}],"curies":[{"name":"wp","href":"https:\/\/api.w.org\/{rel}","templated":true}]}}