{"id":258450,"date":"2026-06-19T05:13:54","date_gmt":"2026-06-19T05:13:54","guid":{"rendered":"https:\/\/bonoro.com.br\/shop\/2026\/06\/guarda-roupa-modulado-infantil-com-led-3-pecas-5-portas-wave-casatema-branco-natural-r-5226-91\/"},"modified":"2026-06-19T05:13:54","modified_gmt":"2026-06-19T05:13:54","slug":"guarda-roupa-modulado-infantil-com-led-3-pecas-5-portas-wave-casatema-branco-natural-r-5226-91","status":"publish","type":"post","link":"https:\/\/bonoro.com.br\/shop\/2026\/06\/guarda-roupa-modulado-infantil-com-led-3-pecas-5-portas-wave-casatema-branco-natural-r-5226-91\/","title":{"rendered":"Guarda-roupa Modulado Infantil com Led 3 Pe\u00e7as 5 Portas Wave Casatema Branco\/Natural &#8211; R$ 5226.91"},"content":{"rendered":"<h2><\/h2>\n<h3>Guarda-roupa Modulado Infantil com Led 3 Pe\u00e7as 5 Portas Wave Casatema Branco\/Natural teve o pre\u00e7o, no dia acima especificado, de <strong>R$ 5226.91<\/strong>.<\/h3>\n<p>Confira o pre\u00e7o atual aqui: <a href=\"https:\/\/www.awin1.com\/cread.php?awinmid=100453&#038;awinaffid=690303&#038;ued=https:\/\/www.casatema.com.br\/guarda-roupa-modulado-infantil-com-led-3-pecas-5-portas-wave-casatema-branco-natural\/p?idsku=954179465\" rel=\"sponsored\" target=\"_blank\"><img decoding=\"async\" src=\"https:\/\/ui.awin.com\/images\/upload\/merchant\/profile\/100453.png\" alt=\"Guarda-roupa Modulado Infantil com Led 3 Pe\u00e7as 5 Portas Wave Casatema Branco\/Natural\" \/> &#8211; nas lojas Casa Tema BR<\/a><\/p>\n<p><img decoding=\"async\" src=\"https:\/\/casatema.vteximg.com.br\/arquivos\/ids\/1414194_2\" alt=\"Guarda-roupa Modulado Infantil com Led 3 Pe\u00e7as 5 Portas Wave Casatema Branco\/Natural\" \/><br \/>\nGuarda-roupa Modulado Infantil com Led 3 Pe\u00e7as 5 Portas Wave Casatema Branco\/Natural  .body-casatema-use-internal { font-family: Arial, sans-serif; line-height: 1.6; } .container-casatema-use-internal { width: 80%; margin: 0 auto; padding: 20px; } .hx-casatema-use-internal { color: #333; } .ul-casatema-use-internal { list-style-type: none; padding: 0; } .li-casatema-use-internal { background: #f4f4f4; margin: 5px 0; padding: 10px; border-radius: 5px; } .highlight-casatema-use-internal { font-weight: bold; } .image-container-casatema-use-internal, .img-casatema-use-internal { width: 100%; height: auto; } \/* CSS para os atributos *\/ .table-attr-casatema-use-internal { border-spacing: 0px; width: 100%; } .table-attr-casatema-use-internal tr:nth-child(even) { background: #ffffff; } .table-attr-casatema-use-internal tr:nth-child(odd) { background: #dfede9; } .td-left-attr-casatema-use-internal { padding: 10px; width: 30%; font-weight: bold; } .td-right-attr-casatema-use-internal { padding: 10px; width: 70%; } .div-left-attr-casatema-use-internal { width: 100%; } .div-right-attr-casatema-use-internal { width: 100%; } .div-group-attr-casatema-use-internal { padding-bottom: 10px; } @media (min-width: 1224px) { .div-left-attr-casatema-use-internal { width: 49%; float: left; } .div-right-attr-casatema-use-internal { width: 49%; float: right; } }     Guarda-roupa Modulado Infantil com Led 3 Pe\u00e7as 5 Portas Wave Casatema MadeiraOriginals Branco\/Natural. A linha Wave \u00e9 uma cole\u00e7\u00e3o montessoriana pensada para auxiliar o desenvolvimento da crian\u00e7a desde os primeiros dias. Mais do que um simples mobili\u00e1rio, cada pe\u00e7a \u00e9 cuidadosamente projetada para contribuir significativamente com a autonomia, a seguran\u00e7a e o crescimento integral dos pequenos. Para complementar o conceito da linha, o design da Wave foi meticulosamente pensado com acabamentos que buscam um equil\u00edbrio perfeito: criar um ambiente ao mesmo tempo estimulante e calmante.A base em madeira natural de pinus convida a um universo sensorial, oferecendo a textura e a calidez da natureza para a crian\u00e7a explorar com seguran\u00e7a. O contraste com os detalhes em branco traz clareza e uma atmosfera serena, mantendo o ambiente minimalista e tranquilo. Para completar, os acabamentos em rattan adicionam um toque org\u00e2nico e artesanal, que estimula o tato e a imagina\u00e7\u00e3o, garantindo um espa\u00e7o aconchegante e natural. O nome da Linha Wave foi inspirado nos detalhes com cantos em curvas, que se repetem em toda a cole\u00e7\u00e3o. Essas formas suaves e arredondadas, presentes nas camas, ber\u00e7os, c\u00f4modas, mesas e estantes, n\u00e3o apenas conferem um visual moderno \u00e0 linha, mas tamb\u00e9m proporcionam maior seguran\u00e7a, essencial para o ambiente infantil.   Caracter\u00edsticasAmbienteQuarto InfantilAmbiente PrincipalQuarto InfantilCor InternaBrancoCor PredominanteBrancoCor do ProdutoBranco\/NaturalEstiloInfantilFabrica\u00e7\u00e3o Pr\u00f3priaSimGaveta com ChaveN\u00e3oLinha ou Cole\u00e7\u00e3oWaveMarcaCasatemaModularSimNicho com CabideiroSimOrigem do ProdutoNacionalPossui CalceirosN\u00e3oPossui Espa\u00e7o para Vestidos LongosSimPossui Espelho InternoN\u00e3oPossui GavetasSimPossui Ilumina\u00e7\u00e3oSimPossui Organizador de GavetaN\u00e3oPossui PortasSimPossui P\u00e9sRodap\u00e9Quantidade de Cabideiros02 CabideirosQuantidade de Gavetas03 GavetasQuantidade de Portas5 PortasSapatas NiveladorasN\u00e3oSuporta At\u00e9 (kg)5.0Tipo de GavetaExternaTipo de Guarda-roupaInfantilTipo de PortaAbrirTipo de Puxador da GavetaExternoTipo de Puxador da PortaExternoGarantiaGarantia12 MesesItens InclusosItens Inclusos2 Guarda-Roupas 2 portas com LED, 1 Guarda-Roupa 1 porta, Manual de Montagem e Kit FerragensMateriais e AcabamentosAcabamentoPintura UVAcabamento da GavetaPintura UVAcabamento dos P\u00e9sPinturaEscala de BrilhoSemi-FoscoEscala de Brilho da GavetaSemi-FoscoEscala de Brilho da PortaSemi-FoscoMaterial PrincipalMDFMaterial da GavetaMDFMaterial da PortaMDFMaterial do PuxadorMadeira Maci\u00e7aMaterial do Puxador da PortaMadeira Maci\u00e7aTipo de Corredi\u00e7a da GavetaMet\u00e1lica Telesc\u00f3picaTipo de Dobradi\u00e7a\/Corredi\u00e7a da PortaMet\u00e1licaTipo de Madeira Maci\u00e7a da GavetaPinusMontagemComplexidade da MontagemAlta: deve ser montado por um montador especializadoNecessita MontagemSimRecomenda\u00e7\u00f5es de Uso, Manuten\u00e7\u00e3o e LimpezaNa limpeza n\u00e3o utilizar produtos qu\u00edmicos e abrasivos, usar apenas um pano umedecido, para garantir a maior durabilidade do m\u00f3vel. Sistema de MontagemParafusos, Cavilhas e minifixOutras caracter\u00edsticasAmbientenullPesos e Dimens\u00f5esAltura (cm)230.0Altura do Conjunto230.0Altura dos P\u00e9s6.0Espessura da Estrutura (mm)15.0Espessura das Portas (mm)15.0Espessura do Fundo (mm)3.0Espessura do Fundo das Gavetas (mm)3.0Largura (cm)200.0Largura do Conjunto80.0Profundidade (cm)52.0<\/p>\n<hr \/>\n<h4>Aproveite e pesquise o pre\u00e7o deste produto em dezenas de lojas dos marketplaces abaixo:<\/h4>\n<p><a href=\"https:\/\/www.magazinevoce.com.br\/magazineezu\/busca\/Guarda-roupa Modulado Infantil com Led 3 Pe\u00e7as 5 Portas Wave Casatema Branco\/Natural\/\" target=\"_blank\" rel=\"noopener\"><img decoding=\"async\" src=\"https:\/\/bateroda.com.br\/marketplace\/logos\/magaezu.jpg\" alt=\"Pesquise no Magazine eZu\" \/> &#8211; Magazine eZu<\/a><\/p>\n<hr \/>\n<p><!-- START ADVERTISER: Webcontinental BR from awin.com --><\/p>\n<p><a href=\"https:\/\/www.awin1.com\/cread.php?awinmid=17743&#038;awinaffid=690303&#038;ued=https%3A%2F%2Fwww.webcontinental.com.br%2FGuarda-roupa Modulado Infantil com Led 3 Pe\u00e7as 5 Portas Wave Casatema Branco\/Natural%3F_q%3DGuarda-roupa Modulado Infantil com Led 3 Pe\u00e7as 5 Portas Wave Casatema Branco\/Natural%26map%3Dft\" rel=\"sponsored\"><img decoding=\"async\" src=\"https:\/\/lojawebcontinental.vtexassets.com\/arquivos\/logo-webcontinental-checkout.png\" border=\"0\" \/> &#8211; Loja Online.<\/a><\/p>\n<p><!-- END ADVERTISER: Webcontinental BR from awin.com --><\/p>\n","protected":false},"excerpt":{"rendered":"<p>R$ 5226.91 nas lojas <a href=\"https:\/\/www.awin1.com\/pclick.php?p=44999525456&#038;a=690303&#038;m=100453\" target=\"_blank\" rel=\"sponsored\">Casa Tema BR<\/a> <a class=\"more-link\" href=\"https:\/\/bonoro.com.br\/shop\/2026\/06\/guarda-roupa-modulado-infantil-com-led-3-pecas-5-portas-wave-casatema-branco-natural-r-5226-91\/\">\u2192<\/a><\/p>\n","protected":false},"author":1,"featured_media":0,"comment_status":"closed","ping_status":"closed","sticky":false,"template":"","format":"standard","meta":{"footnotes":""},"categories":[198],"tags":[15273,205,15272],"class_list":["post-258450","post","type-post","status-publish","format-standard","hentry","category-produtos","tag-5226-91","tag-casa-tema-br","tag-guarda-roupa-modulado-infantil-com-led-3-pecas-5-portas-wave-casatema-branco-natural"],"_links":{"self":[{"href":"https:\/\/bonoro.com.br\/shop\/wp-json\/wp\/v2\/posts\/258450","targetHints":{"allow":["GET"]}}],"collection":[{"href":"https:\/\/bonoro.com.br\/shop\/wp-json\/wp\/v2\/posts"}],"about":[{"href":"https:\/\/bonoro.com.br\/shop\/wp-json\/wp\/v2\/types\/post"}],"author":[{"embeddable":true,"href":"https:\/\/bonoro.com.br\/shop\/wp-json\/wp\/v2\/users\/1"}],"replies":[{"embeddable":true,"href":"https:\/\/bonoro.com.br\/shop\/wp-json\/wp\/v2\/comments?post=258450"}],"version-history":[{"count":0,"href":"https:\/\/bonoro.com.br\/shop\/wp-json\/wp\/v2\/posts\/258450\/revisions"}],"wp:attachment":[{"href":"https:\/\/bonoro.com.br\/shop\/wp-json\/wp\/v2\/media?parent=258450"}],"wp:term":[{"taxonomy":"category","embeddable":true,"href":"https:\/\/bonoro.com.br\/shop\/wp-json\/wp\/v2\/categories?post=258450"},{"taxonomy":"post_tag","embeddable":true,"href":"https:\/\/bonoro.com.br\/shop\/wp-json\/wp\/v2\/tags?post=258450"}],"curies":[{"name":"wp","href":"https:\/\/api.w.org\/{rel}","templated":true}]}}