{"id":258342,"date":"2026-06-27T04:24:57","date_gmt":"2026-06-27T04:24:57","guid":{"rendered":"https:\/\/bonoro.com.br\/shop\/2026\/06\/combo-para-quarto-infantil-guarda-roupa-e-comoda-mobi-branco-rosa-r-986-85\/"},"modified":"2026-06-27T04:24:57","modified_gmt":"2026-06-27T04:24:57","slug":"combo-para-quarto-infantil-guarda-roupa-e-comoda-mobi-branco-rosa-r-986-85","status":"publish","type":"post","link":"https:\/\/bonoro.com.br\/shop\/2026\/06\/combo-para-quarto-infantil-guarda-roupa-e-comoda-mobi-branco-rosa-r-986-85\/","title":{"rendered":"Combo para Quarto Infantil Guarda-roupa e C\u00f4moda Mobi branco \/ rosa &#8211; R$ 986.85"},"content":{"rendered":"<h2><\/h2>\n<h3>Combo para Quarto Infantil Guarda-roupa e C\u00f4moda Mobi branco \/ rosa teve o pre\u00e7o, no dia acima especificado, de <strong>R$ 986.85<\/strong>.<\/h3>\n<p>Confira o pre\u00e7o atual aqui: <a href=\"https:\/\/www.awin1.com\/cread.php?awinmid=100453&#038;awinaffid=690303&#038;ued=https:\/\/www.casatema.com.br\/combo-para-quarto-infantil-guarda-roupa-e-comoda-mobi-branco---rosa\/p?idsku=227423448\" rel=\"sponsored\" target=\"_blank\"><img decoding=\"async\" src=\"https:\/\/ui.awin.com\/images\/upload\/merchant\/profile\/100453.png\" alt=\"Combo para Quarto Infantil Guarda-roupa e C\u00f4moda Mobi branco \/ rosa\" \/> &#8211; nas lojas Casa Tema BR<\/a><\/p>\n<p><img decoding=\"async\" src=\"https:\/\/casatema.vteximg.com.br\/arquivos\/ids\/1412362_2\" alt=\"Combo para Quarto Infantil Guarda-roupa e C\u00f4moda Mobi branco \/ rosa\" \/><br \/>\nCombo para Quarto Infantil Guarda-roupa e C\u00f4moda Mobi branco \/ rosa  .body-casatema-use-internal { font-family: Arial, sans-serif; line-height: 1.6; } .container-casatema-use-internal { width: 80%; margin: 0 auto; padding: 20px; } .hx-casatema-use-internal { color: #333; } .ul-casatema-use-internal { list-style-type: none; padding: 0; } .li-casatema-use-internal { background: #f4f4f4; margin: 5px 0; padding: 10px; border-radius: 5px; } .highlight-casatema-use-internal { font-weight: bold; } .image-container-casatema-use-internal, .img-casatema-use-internal { width: 100%; height: auto; } \/* CSS para os atributos *\/ .table-attr-casatema-use-internal { border-spacing: 0px; width: 100%; } .table-attr-casatema-use-internal tr:nth-child(even) { background: #ffffff; } .table-attr-casatema-use-internal tr:nth-child(odd) { background: #dfede9; } .td-left-attr-casatema-use-internal { padding: 10px; width: 30%; font-weight: bold; } .td-right-attr-casatema-use-internal { padding: 10px; width: 70%; } .div-left-attr-casatema-use-internal { width: 100%; } .div-right-attr-casatema-use-internal { width: 100%; } .div-group-attr-casatema-use-internal { padding-bottom: 10px; } @media (min-width: 1224px) { .div-left-attr-casatema-use-internal { width: 49%; float: left; } .div-right-attr-casatema-use-internal { width: 49%; float: right; } }     Combo para Quarto Infantil Guarda-roupa e C\u00f4moda Mobi branco \/ rosa. O Combo para Quarto Infantil Mobi \u00e9 a solu\u00e7\u00e3o ideal para organizar o dormit\u00f3rio das crian\u00e7as com praticidade e eleg\u00e2ncia, reunindo m\u00f3veis essenciais em um \u00fanico conjunto. Sua estrutura vers\u00e1til proporciona um ambiente acolhedor e otimizado para facilitar a rotina do dia a dia. \u2022 VERSATILIDADE FLEX: As vistas frontais possuem sistema flex que permite escolher entre as cores branco ou rosa no momento da montagem para personalizar o dormit\u00f3rio conforme sua prefer\u00eancia. \u2022 CAPACIDADE DE ORGANIZACAO: O conjunto disp\u00f5e de quatro portas e seis gavetas totais que oferecem espa\u00e7o amplo para manter roupas e acess\u00f3rios infantis sempre organizados e acess\u00edveis. \u2022 DIMENSOES E COMPOSICAO: O dormit\u00f3rio ganha funcionalidade com o guarda-roupa de 181 cm de altura, 98 cm de largura e 47 cm de profundidade, somado \u00e0 c\u00f4moda de 105 cm de altura, 50 cm de largura e 40 cm de profundidade. \u2022 QUALIDADE E ACABAMENTO: Produzido em MDP, este conjunto garante durabilidade e resist\u00eancia para acompanhar o crescimento da crian\u00e7a com seguran\u00e7a e estilo. Acompanha 1 guarda-roupa, 1 c\u00f4moda e manual de montagem. Para uma compra certeira: Os itens decorativos das imagens n\u00e3o fazem parte do produto. Confirme se as medidas cabem no seu ambiente, considerando uma pequena folga de at\u00e9 2 cm para manuseio.   Caracter\u00edsticasAmbiente PrincipalQuarto InfantilCorBranco\/RosaCor PredominanteBrancoCor do ProdutoBranco \/ RosaInforma\u00e7\u00f5es Complementares (Novo)As Vistas da C\u00f4moda e do Guarda Roupa S\u00e3o flex, possibilitando a escolha entre Branco e Rosa na hora da montagem.Linha ou Cole\u00e7\u00e3oMobiMarcaAlbatroz M\u00f3veisModularN\u00e3oOrigem do ProdutoNacionalPossui PortasSimQuantidade de Itens1Quantidade de Portas4 PortasSuporta At\u00e9 (kg)37.0Tamanho do Colch\u00e3oInfantilTipo de Guarda-roupaInfantilPesos e Dimens\u00f5esAltura do Conjunto181.0Largura do Conjunto148.0Medida de Cada Item (A x L x P) (novo)Guarda-Roupas: A 181cm x L 98cm x P 47cm C\u00f4moda: A 105cm x L 50cm x P 40cmDocumentos AdicionaisManual de Montagem e Instala\u00e7\u00e3oClique aqui para acessarGarantiaGarantia03 MesesItens InclusosItens Inclusos1 Guarda-Roupa, 1 C\u00f4moda e Manual de MontagemMateriais e AcabamentosEscala de BrilhoFoscoMaterial PrincipalMDPMontagemComplexidade da MontagemAlta: deve ser montado por um montador especializadoNecessita MontagemSimRecomenda\u00e7\u00f5es de Uso, Manuten\u00e7\u00e3o e LimpezaLimpar com flanela ou pano macio seco, n\u00e3o utilizar produtos abrasivos, desengordurantes, \u00e1lcool ou solvente. N\u00e3o expor o produto diretamente \u00e1 luz solar e \u00e1 umidade.Sistema de MontagemParafusos, cavilhas e minifixOutras caracter\u00edsticasO Conjunto Cont\u00e9mC\u00f4moda\/Guarda-RoupaPeso62.4<\/p>\n<hr \/>\n<h4>Aproveite e pesquise o pre\u00e7o deste produto em dezenas de lojas dos marketplaces abaixo:<\/h4>\n<p><a href=\"https:\/\/www.magazinevoce.com.br\/magazineezu\/busca\/Combo para Quarto Infantil Guarda-roupa e C\u00f4moda Mobi branco \/ rosa\/\" target=\"_blank\" rel=\"noopener\"><img decoding=\"async\" src=\"https:\/\/bateroda.com.br\/marketplace\/logos\/magaezu.jpg\" alt=\"Pesquise no Magazine eZu\" \/> &#8211; Magazine eZu<\/a><\/p>\n<hr \/>\n<p><!-- START ADVERTISER: Webcontinental BR from awin.com --><\/p>\n<p><a href=\"https:\/\/www.awin1.com\/cread.php?awinmid=17743&#038;awinaffid=690303&#038;ued=https%3A%2F%2Fwww.webcontinental.com.br%2FCombo para Quarto Infantil Guarda-roupa e C\u00f4moda Mobi branco \/ rosa%3F_q%3DCombo para Quarto Infantil Guarda-roupa e C\u00f4moda Mobi branco \/ rosa%26map%3Dft\" rel=\"sponsored\"><img decoding=\"async\" src=\"https:\/\/lojawebcontinental.vtexassets.com\/arquivos\/logo-webcontinental-checkout.png\" border=\"0\" \/> &#8211; Loja Online.<\/a><\/p>\n<p><!-- END ADVERTISER: Webcontinental BR from awin.com --><\/p>\n","protected":false},"excerpt":{"rendered":"<p>R$ 986.85 nas lojas <a href=\"https:\/\/www.awin1.com\/pclick.php?p=44999525348&#038;a=690303&#038;m=100453\" target=\"_blank\" rel=\"sponsored\">Casa Tema BR<\/a> <a class=\"more-link\" href=\"https:\/\/bonoro.com.br\/shop\/2026\/06\/combo-para-quarto-infantil-guarda-roupa-e-comoda-mobi-branco-rosa-r-986-85\/\">\u2192<\/a><\/p>\n","protected":false},"author":1,"featured_media":0,"comment_status":"closed","ping_status":"closed","sticky":false,"template":"","format":"standard","meta":{"footnotes":""},"categories":[198],"tags":[15096,205,15095],"class_list":["post-258342","post","type-post","status-publish","format-standard","hentry","category-produtos","tag-986-85","tag-casa-tema-br","tag-combo-para-quarto-infantil-guarda-roupa-e-comoda-mobi-branco-rosa"],"_links":{"self":[{"href":"https:\/\/bonoro.com.br\/shop\/wp-json\/wp\/v2\/posts\/258342","targetHints":{"allow":["GET"]}}],"collection":[{"href":"https:\/\/bonoro.com.br\/shop\/wp-json\/wp\/v2\/posts"}],"about":[{"href":"https:\/\/bonoro.com.br\/shop\/wp-json\/wp\/v2\/types\/post"}],"author":[{"embeddable":true,"href":"https:\/\/bonoro.com.br\/shop\/wp-json\/wp\/v2\/users\/1"}],"replies":[{"embeddable":true,"href":"https:\/\/bonoro.com.br\/shop\/wp-json\/wp\/v2\/comments?post=258342"}],"version-history":[{"count":0,"href":"https:\/\/bonoro.com.br\/shop\/wp-json\/wp\/v2\/posts\/258342\/revisions"}],"wp:attachment":[{"href":"https:\/\/bonoro.com.br\/shop\/wp-json\/wp\/v2\/media?parent=258342"}],"wp:term":[{"taxonomy":"category","embeddable":true,"href":"https:\/\/bonoro.com.br\/shop\/wp-json\/wp\/v2\/categories?post=258342"},{"taxonomy":"post_tag","embeddable":true,"href":"https:\/\/bonoro.com.br\/shop\/wp-json\/wp\/v2\/tags?post=258342"}],"curies":[{"name":"wp","href":"https:\/\/api.w.org\/{rel}","templated":true}]}}