{"id":258289,"date":"2026-06-29T14:29:44","date_gmt":"2026-06-29T14:29:44","guid":{"rendered":"https:\/\/bonoro.com.br\/shop\/2026\/06\/guarda-roupa-infantil-4-portas-doce-infancia-branco-rosa-r-692-75\/"},"modified":"2026-06-29T14:29:44","modified_gmt":"2026-06-29T14:29:44","slug":"guarda-roupa-infantil-4-portas-doce-infancia-branco-rosa-r-692-75","status":"publish","type":"post","link":"https:\/\/bonoro.com.br\/shop\/2026\/06\/guarda-roupa-infantil-4-portas-doce-infancia-branco-rosa-r-692-75\/","title":{"rendered":"Guarda-roupa Infantil 4 Portas Doce Inf\u00e2ncia Branco\/Rosa &#8211; R$ 692.75"},"content":{"rendered":"<h2><\/h2>\n<h3>Guarda-roupa Infantil 4 Portas Doce Inf\u00e2ncia Branco\/Rosa teve o pre\u00e7o, no dia acima especificado, de <strong>R$ 692.75<\/strong>.<\/h3>\n<p>Confira o pre\u00e7o atual aqui: <a href=\"https:\/\/www.awin1.com\/cread.php?awinmid=100453&#038;awinaffid=690303&#038;ued=https:\/\/www.casatema.com.br\/guarda-roupa-infantil-4-portas-doce-infancia-branco-rosa\/p?idsku=153671821\" rel=\"sponsored\" target=\"_blank\"><img decoding=\"async\" src=\"https:\/\/ui.awin.com\/images\/upload\/merchant\/profile\/100453.png\" alt=\"Guarda-roupa Infantil 4 Portas Doce Inf\u00e2ncia Branco\/Rosa\" \/> &#8211; nas lojas Casa Tema BR<\/a><\/p>\n<p><img decoding=\"async\" src=\"https:\/\/casatema.vteximg.com.br\/arquivos\/ids\/1411415_2\" alt=\"Guarda-roupa Infantil 4 Portas Doce Inf\u00e2ncia Branco\/Rosa\" \/><br \/>\nGuarda-roupa Infantil 4 Portas Doce Inf\u00e2ncia Branco\/Rosa  .body-casatema-use-internal { font-family: Arial, sans-serif; line-height: 1.6; } .container-casatema-use-internal { width: 80%; margin: 0 auto; padding: 20px; } .hx-casatema-use-internal { color: #333; } .ul-casatema-use-internal { list-style-type: none; padding: 0; } .li-casatema-use-internal { background: #f4f4f4; margin: 5px 0; padding: 10px; border-radius: 5px; } .highlight-casatema-use-internal { font-weight: bold; } .image-container-casatema-use-internal, .img-casatema-use-internal { width: 100%; height: auto; } \/* CSS para os atributos *\/ .table-attr-casatema-use-internal { border-spacing: 0px; width: 100%; } .table-attr-casatema-use-internal tr:nth-child(even) { background: #ffffff; } .table-attr-casatema-use-internal tr:nth-child(odd) { background: #dfede9; } .td-left-attr-casatema-use-internal { padding: 10px; width: 30%; font-weight: bold; } .td-right-attr-casatema-use-internal { padding: 10px; width: 70%; } .div-left-attr-casatema-use-internal { width: 100%; } .div-right-attr-casatema-use-internal { width: 100%; } .div-group-attr-casatema-use-internal { padding-bottom: 10px; } @media (min-width: 1224px) { .div-left-attr-casatema-use-internal { width: 49%; float: left; } .div-right-attr-casatema-use-internal { width: 49%; float: right; } }     Guarda-roupa Infantil 4 Portas Doce Inf\u00e2ncia Branco\/Rosa. O Guarda-Roupa Doce Inf\u00e2ncia tem estrutura produzida em MDP e revestimento em pintura UV. Cabideiro e calceiro em madeira revestidos. Gavetas com corredi\u00e7as met\u00e1licas, para mais estabilidade ao abrir e fechar. Portas com dobradi\u00e7as met\u00e1licas, para mais estabilidade ao abrir e fechar. Puxadores em pl\u00e1stico ABS que s\u00e3o mais f\u00e1ceis de higienizar. P\u00e9s em PVC que ajudam proteger o m\u00f3vel da umidade e oferecendo maior durabilidade.   Caracter\u00edsticasAmbiente PrincipalQuarto InfantilCor FlexSimCor InternaBrancoCor PredominanteBrancoCor da PortaBrancoCor do ProdutoBranco\/RosaCor do PuxadorCromadoEstiloModernoGaveta com ChaveN\u00e3oGuarda-Roupa Suporta At\u00e9 (kg)35.0Informa\u00e7\u00f5es Complementares (Novo)As cores do produto podem sofrer varia\u00e7\u00f5es de tonalidade de acordo com as configura\u00e7\u00f5es do seu dispositivo. Imagens meramente ilustrativas. Itens para decorar o produto e o ambiente n\u00e3o acompanham o produto. Caixa revestida por pl\u00e1stico termoencoh\u00edvel e pLinha ou Cole\u00e7\u00e3oDoce Inf\u00e2nciaMarcaDem\u00f3bileModularN\u00e3oNicho com CabideiroN\u00e3oOrigem do ProdutoNacionalPeso M\u00e1ximo por Gaveta3.0Peso M\u00e1ximo por Prateleira5.0Porta JaneladaN\u00e3oPossui CabideirosSimPossui CalceirosN\u00e3oPossui CapelinhaN\u00e3oPossui GanchoN\u00e3oPossui NichosN\u00e3oPossui Organizador de GavetaN\u00e3oPossui PenteadeiraN\u00e3oPossui PortasSimPossui PrateleirasSimPossui P\u00e9sSimQuantidade de Cabideiros01 CabideiroQuantidade de EspelhosN\u00e3oQuantidade de Gavetas02 GavetasQuantidade de Portas4 PortasQuantidade de Prateleiras03 PrateleirasSapatas NiveladorasN\u00e3oSuporta At\u00e9 (kg)35.0Tipo de GavetaExternaTipo de Guarda-roupaInfantilTipo de PortaBaterTipo de Puxador da PortaExternoDocumentos AdicionaisManual de Especifica\u00e7\u00e3o T\u00e9cnicaClique aqui para acessarManual de Montagem e Instala\u00e7\u00e3oClique aqui para acessarGarantiaGarantia03 MesesItens InclusosItens Inclusos1 Guarda-Roupa, Kit Ferragens e Manual de MontagemMateriais e AcabamentosAcabamento da GavetaPintura UVAcabamento da PortaPintura UVAcabamento da PrateleiraPintura UVEscala de BrilhoBrilhanteEscala de Brilho da GavetaBrilhanteEscala de Brilho da PortaBrilhanteEscala de Brilho da PrateleiraSemi-BrilhoMaterial PrincipalMDPMaterial da GavetaMDPMaterial da PortaMDPMaterial da PrateleiraMDPMaterial do Puxador da PortaPl\u00e1sticoMaterial dos P\u00e9sPl\u00e1sticoTipo de Corredi\u00e7a da GavetaMet\u00e1lica SimplesTipo de Dobradi\u00e7a\/Corredi\u00e7a da PortaMet\u00e1licaMontagemComplexidade da MontagemM\u00e9dia: pode ser montado por mais de uma pessoa e\/ou necessite de maior conhecimento para montagemMontagem FlexSimNecessita MontagemSimRecomenda\u00e7\u00f5es de Uso, Manuten\u00e7\u00e3o e LimpezaHigienizar com flanela limpa e seca.Sistema de MontagemParafusos e cavilhas.Outras caracter\u00edsticasAmbiente PrincipalQuarto InfantilPossui Cabideiros1Possui Gavetas2Possui Portas4Possui Prateleiras3Pesos e Dimens\u00f5esAltura (cm)201.0Altura dos P\u00e9s4.7Largura (cm)110.0Peso (kg)61.0Profundidade (cm)47.0<\/p>\n<hr \/>\n<h4>Aproveite e pesquise o pre\u00e7o deste produto em dezenas de lojas dos marketplaces abaixo:<\/h4>\n<p><a href=\"https:\/\/www.magazinevoce.com.br\/magazineezu\/busca\/Guarda-roupa Infantil 4 Portas Doce Inf\u00e2ncia Branco\/Rosa\/\" target=\"_blank\" rel=\"noopener\"><img decoding=\"async\" src=\"https:\/\/bateroda.com.br\/marketplace\/logos\/magaezu.jpg\" alt=\"Pesquise no Magazine eZu\" \/> &#8211; Magazine eZu<\/a><\/p>\n<hr \/>\n<p><!-- START ADVERTISER: Webcontinental BR from awin.com --><\/p>\n<p><a href=\"https:\/\/www.awin1.com\/cread.php?awinmid=17743&#038;awinaffid=690303&#038;ued=https%3A%2F%2Fwww.webcontinental.com.br%2FGuarda-roupa Infantil 4 Portas Doce Inf\u00e2ncia Branco\/Rosa%3F_q%3DGuarda-roupa Infantil 4 Portas Doce Inf\u00e2ncia Branco\/Rosa%26map%3Dft\" rel=\"sponsored\"><img decoding=\"async\" src=\"https:\/\/lojawebcontinental.vtexassets.com\/arquivos\/logo-webcontinental-checkout.png\" border=\"0\" \/> &#8211; Loja Online.<\/a><\/p>\n<p><!-- END ADVERTISER: Webcontinental BR from awin.com --><\/p>\n","protected":false},"excerpt":{"rendered":"<p>R$ 692.75 nas lojas <a href=\"https:\/\/www.awin1.com\/pclick.php?p=44999525295&#038;a=690303&#038;m=100453\" target=\"_blank\" rel=\"sponsored\">Casa Tema BR<\/a> <a class=\"more-link\" href=\"https:\/\/bonoro.com.br\/shop\/2026\/06\/guarda-roupa-infantil-4-portas-doce-infancia-branco-rosa-r-692-75\/\">\u2192<\/a><\/p>\n","protected":false},"author":1,"featured_media":0,"comment_status":"closed","ping_status":"closed","sticky":false,"template":"","format":"standard","meta":{"footnotes":""},"categories":[198],"tags":[15024,205,15023],"class_list":["post-258289","post","type-post","status-publish","format-standard","hentry","category-produtos","tag-692-75","tag-casa-tema-br","tag-guarda-roupa-infantil-4-portas-doce-infancia-branco-rosa"],"_links":{"self":[{"href":"https:\/\/bonoro.com.br\/shop\/wp-json\/wp\/v2\/posts\/258289","targetHints":{"allow":["GET"]}}],"collection":[{"href":"https:\/\/bonoro.com.br\/shop\/wp-json\/wp\/v2\/posts"}],"about":[{"href":"https:\/\/bonoro.com.br\/shop\/wp-json\/wp\/v2\/types\/post"}],"author":[{"embeddable":true,"href":"https:\/\/bonoro.com.br\/shop\/wp-json\/wp\/v2\/users\/1"}],"replies":[{"embeddable":true,"href":"https:\/\/bonoro.com.br\/shop\/wp-json\/wp\/v2\/comments?post=258289"}],"version-history":[{"count":0,"href":"https:\/\/bonoro.com.br\/shop\/wp-json\/wp\/v2\/posts\/258289\/revisions"}],"wp:attachment":[{"href":"https:\/\/bonoro.com.br\/shop\/wp-json\/wp\/v2\/media?parent=258289"}],"wp:term":[{"taxonomy":"category","embeddable":true,"href":"https:\/\/bonoro.com.br\/shop\/wp-json\/wp\/v2\/categories?post=258289"},{"taxonomy":"post_tag","embeddable":true,"href":"https:\/\/bonoro.com.br\/shop\/wp-json\/wp\/v2\/tags?post=258289"}],"curies":[{"name":"wp","href":"https:\/\/api.w.org\/{rel}","templated":true}]}}