{"id":258047,"date":"2026-06-29T06:28:40","date_gmt":"2026-06-29T06:28:40","guid":{"rendered":"https:\/\/bonoro.com.br\/shop\/2026\/06\/guarda-roupas-infantil-mdf-3-portas-modulado-branco-r-5305-53\/"},"modified":"2026-06-29T06:28:40","modified_gmt":"2026-06-29T06:28:40","slug":"guarda-roupas-infantil-mdf-3-portas-modulado-branco-r-5305-53","status":"publish","type":"post","link":"https:\/\/bonoro.com.br\/shop\/2026\/06\/guarda-roupas-infantil-mdf-3-portas-modulado-branco-r-5305-53\/","title":{"rendered":"Guarda-roupas Infantil Mdf 3 Portas Modulado Branco &#8211; R$ 5305.53"},"content":{"rendered":"<h2><\/h2>\n<h3>Guarda-roupas Infantil Mdf 3 Portas Modulado Branco teve o pre\u00e7o, no dia acima especificado, de <strong>R$ 5305.53<\/strong>.<\/h3>\n<p>Confira o pre\u00e7o atual aqui: <a href=\"https:\/\/www.awin1.com\/cread.php?awinmid=100453&#038;awinaffid=690303&#038;ued=https:\/\/www.casatema.com.br\/guarda-roupas-infantil-mdf-3-portas-modulado-branco\/p?idsku=152296754\" rel=\"sponsored\" target=\"_blank\"><img decoding=\"async\" src=\"https:\/\/ui.awin.com\/images\/upload\/merchant\/profile\/100453.png\" alt=\"Guarda-roupas Infantil Mdf 3 Portas Modulado Branco\" \/> &#8211; nas lojas Casa Tema BR<\/a><\/p>\n<p><img decoding=\"async\" src=\"https:\/\/casatema.vteximg.com.br\/arquivos\/ids\/1409894_2\" alt=\"Guarda-roupas Infantil Mdf 3 Portas Modulado Branco\" \/><br \/>\nGuarda-roupas Infantil Mdf 3 Portas Modulado Branco  .body-casatema-use-internal { font-family: Arial, sans-serif; line-height: 1.6; } .container-casatema-use-internal { width: 80%; margin: 0 auto; padding: 20px; } .hx-casatema-use-internal { color: #333; } .ul-casatema-use-internal { list-style-type: none; padding: 0; } .li-casatema-use-internal { background: #f4f4f4; margin: 5px 0; padding: 10px; border-radius: 5px; } .highlight-casatema-use-internal { font-weight: bold; } .image-container-casatema-use-internal, .img-casatema-use-internal { width: 100%; height: auto; } \/* CSS para os atributos *\/ .table-attr-casatema-use-internal { border-spacing: 0px; width: 100%; } .table-attr-casatema-use-internal tr:nth-child(even) { background: #ffffff; } .table-attr-casatema-use-internal tr:nth-child(odd) { background: #dfede9; } .td-left-attr-casatema-use-internal { padding: 10px; width: 30%; font-weight: bold; } .td-right-attr-casatema-use-internal { padding: 10px; width: 70%; } .div-left-attr-casatema-use-internal { width: 100%; } .div-right-attr-casatema-use-internal { width: 100%; } .div-group-attr-casatema-use-internal { padding-bottom: 10px; } @media (min-width: 1224px) { .div-left-attr-casatema-use-internal { width: 49%; float: left; } .div-right-attr-casatema-use-internal { width: 49%; float: right; } }     Guarda-roupas Infantil Mdf 3 Portas Modulado Branco. Acabamento branco acetinado Escala de Brilho acetinado (fosco) Pintura at\u00f3xica sim Dimens\u00f5es do produto montado A: 248 L: 94,5 P: 56 cm Quantidade de volumes 16 Cubagem do produto 5090 Peso Kg 167,15 Suporta at\u00e9 quantos Kg 85 Kg Estilo moderno Material MDF Tipo do cabideiro alum\u00ednio cromado Prateleiras 4 Quantidade de portas 3 Tipo de puxador da porta (perfil madeira) Quantidade de gavetas 3 Tipo de puxador da gaveta (cava na madeira) Tipo de trilho da gaveta telesc\u00f3pico Peso m\u00e1ximo por gaveta 5 Kg Garantia 1 ano Necessita montagem sim Embalagem do produto caixas de papel\u00e3o revestido com pl\u00e1stico termo-encolh\u00edvel Recomenda\u00e7\u00f5es de uso, manuten\u00e7\u00e3o e limpeza utilizar pano umidecido   Caracter\u00edsticasAmbienteQuarto InfantilAmbiente PrincipalQuarto InfantilCor InternaBrancoCor PredominanteBrancoCor da PortaBrancoCor do ProdutoBrancoCor do PuxadorBrancoEstiloModernoGaveta com ChaveN\u00e3oGuarda-Roupa Suporta At\u00e9 (kg)85.0Linha ou Cole\u00e7\u00e3oModuladoMarcaDivicar M\u00f3veisModularN\u00e3oOrigem do ProdutoNacionalPeso M\u00e1ximo por Gaveta5.0Peso M\u00e1ximo por Prateleira15.0Porta JaneladaN\u00e3oPossui CabideirosSimPossui CalceirosN\u00e3oPossui EspelhosN\u00e3oPossui Organizador de GavetaN\u00e3oPossui PortasSimPossui PrateleirasSimPossui P\u00e9sN\u00e3oQuantidade de Cabideiros01 CabideiroQuantidade de Gavetas03 GavetasQuantidade de Portas3 PortasQuantidade de Prateleiras05 PrateleirasSapatas NiveladorasSimSuporta At\u00e9 (kg)85.0Tipo de GavetaInternaTipo de Guarda-roupaBeb\u00eaTipo de PortaAbrirTipo de Puxador da PortaExternoDocumentos AdicionaisManual de Montagem e Instala\u00e7\u00e3oClique aqui para acessarGarantiaGarantia12 MesesItens InclusosItens Inclusos1 Roupeiro e Manual de MontagemMateriais e AcabamentosAcabamento da GavetaPintura UVAcabamento da PortaPintura UVAcabamento da PrateleiraPintura UVEscala de BrilhoSemi-BrilhoEscala de Brilho da GavetaSemi-BrilhoEscala de Brilho da PortaSemi-BrilhoEscala de Brilho da PrateleiraSemi-BrilhoMaterial PrincipalMDFMaterial da GavetaMDFMaterial da PortaMDFMaterial da PrateleiraMDFMaterial do Puxador da PortaMadeiraTipo de Corredi\u00e7a da GavetaMet\u00e1lica Telesc\u00f3picaTipo de Dobradi\u00e7a\/Corredi\u00e7a da PortaMet\u00e1licaMontagemComplexidade da MontagemM\u00e9dia: pode ser montado por mais de uma pessoa e\/ou necessite de maior conhecimento para montagemNecessita MontagemSimRecomenda\u00e7\u00f5es de Uso, Manuten\u00e7\u00e3o e Limpeza*Uso restrito para interiores;*N\u00e3o usar abrasivos para limpeza; *Usar pano levemente umedecido com \u00e1gua; N\u00e3o arastar o produto de local no ambiente;Sistema de MontagemSistema de montagem composto por parafusos chipboard, cavilhas, parafusos m\u00e1quina sextavados, tapa-furos adesivos, sapatas deslizadoras, cantoneiras, parafusos Bigfix e tambores Bigfix.Outras caracter\u00edsticasAmbiente PrincipalQuarto de Beb\u00eaPossui Cabideiros1Possui Gavetas3Possui Portas3Possui Prateleiras6Pesos e Dimens\u00f5esAltura (cm)247.0Largura (cm)139.0Peso (kg)140.1Profundidade (cm)56.0<\/p>\n<hr \/>\n<h4>Aproveite e pesquise o pre\u00e7o deste produto em dezenas de lojas dos marketplaces abaixo:<\/h4>\n<p><a href=\"https:\/\/www.magazinevoce.com.br\/magazineezu\/busca\/Guarda-roupas Infantil Mdf 3 Portas Modulado Branco\/\" target=\"_blank\" rel=\"noopener\"><img decoding=\"async\" src=\"https:\/\/bateroda.com.br\/marketplace\/logos\/magaezu.jpg\" alt=\"Pesquise no Magazine eZu\" \/> &#8211; Magazine eZu<\/a><\/p>\n<hr \/>\n<p><!-- START ADVERTISER: Webcontinental BR from awin.com --><\/p>\n<p><a href=\"https:\/\/www.awin1.com\/cread.php?awinmid=17743&#038;awinaffid=690303&#038;ued=https%3A%2F%2Fwww.webcontinental.com.br%2FGuarda-roupas Infantil Mdf 3 Portas Modulado Branco%3F_q%3DGuarda-roupas Infantil Mdf 3 Portas Modulado Branco%26map%3Dft\" rel=\"sponsored\"><img decoding=\"async\" src=\"https:\/\/lojawebcontinental.vtexassets.com\/arquivos\/logo-webcontinental-checkout.png\" border=\"0\" \/> &#8211; Loja Online.<\/a><\/p>\n<p><!-- END ADVERTISER: Webcontinental BR from awin.com --><\/p>\n","protected":false},"excerpt":{"rendered":"<p>R$ 5305.53 nas lojas <a href=\"https:\/\/www.awin1.com\/pclick.php?p=44999524987&#038;a=690303&#038;m=100453\" target=\"_blank\" rel=\"sponsored\">Casa Tema BR<\/a> <a class=\"more-link\" href=\"https:\/\/bonoro.com.br\/shop\/2026\/06\/guarda-roupas-infantil-mdf-3-portas-modulado-branco-r-5305-53\/\">\u2192<\/a><\/p>\n","protected":false},"author":1,"featured_media":0,"comment_status":"closed","ping_status":"closed","sticky":false,"template":"","format":"standard","meta":{"footnotes":""},"categories":[198],"tags":[14706,205,14705],"class_list":["post-258047","post","type-post","status-publish","format-standard","hentry","category-produtos","tag-5305-53","tag-casa-tema-br","tag-guarda-roupas-infantil-mdf-3-portas-modulado-branco"],"_links":{"self":[{"href":"https:\/\/bonoro.com.br\/shop\/wp-json\/wp\/v2\/posts\/258047","targetHints":{"allow":["GET"]}}],"collection":[{"href":"https:\/\/bonoro.com.br\/shop\/wp-json\/wp\/v2\/posts"}],"about":[{"href":"https:\/\/bonoro.com.br\/shop\/wp-json\/wp\/v2\/types\/post"}],"author":[{"embeddable":true,"href":"https:\/\/bonoro.com.br\/shop\/wp-json\/wp\/v2\/users\/1"}],"replies":[{"embeddable":true,"href":"https:\/\/bonoro.com.br\/shop\/wp-json\/wp\/v2\/comments?post=258047"}],"version-history":[{"count":0,"href":"https:\/\/bonoro.com.br\/shop\/wp-json\/wp\/v2\/posts\/258047\/revisions"}],"wp:attachment":[{"href":"https:\/\/bonoro.com.br\/shop\/wp-json\/wp\/v2\/media?parent=258047"}],"wp:term":[{"taxonomy":"category","embeddable":true,"href":"https:\/\/bonoro.com.br\/shop\/wp-json\/wp\/v2\/categories?post=258047"},{"taxonomy":"post_tag","embeddable":true,"href":"https:\/\/bonoro.com.br\/shop\/wp-json\/wp\/v2\/tags?post=258047"}],"curies":[{"name":"wp","href":"https:\/\/api.w.org\/{rel}","templated":true}]}}