{"id":257828,"date":"2026-06-28T02:48:05","date_gmt":"2026-06-28T02:48:05","guid":{"rendered":"https:\/\/bonoro.com.br\/shop\/2026\/06\/cama-alta-multifuncional-solteiro-infantil-juvenil-com-estacao-de-trabalho-80-jamaica-branco-r-1424-98\/"},"modified":"2026-06-28T02:48:05","modified_gmt":"2026-06-28T02:48:05","slug":"cama-alta-multifuncional-solteiro-infantil-juvenil-com-estacao-de-trabalho-80-jamaica-branco-r-1424-98","status":"publish","type":"post","link":"https:\/\/bonoro.com.br\/shop\/2026\/06\/cama-alta-multifuncional-solteiro-infantil-juvenil-com-estacao-de-trabalho-80-jamaica-branco-r-1424-98\/","title":{"rendered":"Cama Alta Multifuncional Solteiro Infantil\/Juvenil com Esta\u00e7\u00e3o De Trabalho 80 Jamaica Branco &#8211; R$ 1424.98"},"content":{"rendered":"<h2><\/h2>\n<h3>Cama Alta Multifuncional Solteiro Infantil\/Juvenil com Esta\u00e7\u00e3o De Trabalho 80 Jamaica Branco teve o pre\u00e7o, no dia acima especificado, de <strong>R$ 1424.98<\/strong>.<\/h3>\n<p>Confira o pre\u00e7o atual aqui: <a href=\"https:\/\/www.awin1.com\/cread.php?awinmid=100453&#038;awinaffid=690303&#038;ued=https:\/\/www.casatema.com.br\/cama-alta-multifuncional-solteiro-infantil-juvenil-com-estacao-de-trabalho-80-jamaica-branco\/p?idsku=981502\" rel=\"sponsored\" target=\"_blank\"><img decoding=\"async\" src=\"https:\/\/ui.awin.com\/images\/upload\/merchant\/profile\/100453.png\" alt=\"Cama Alta Multifuncional Solteiro Infantil\/Juvenil com Esta\u00e7\u00e3o De Trabalho 80 Jamaica Branco\" \/> &#8211; nas lojas Casa Tema BR<\/a><\/p>\n<p><img decoding=\"async\" src=\"https:\/\/casatema.vteximg.com.br\/arquivos\/ids\/1047960_2\" alt=\"Cama Alta Multifuncional Solteiro Infantil\/Juvenil com Esta\u00e7\u00e3o De Trabalho 80 Jamaica Branco\" \/><br \/>\nCama Alta Multifuncional Solteiro Infantil\/Juvenil com Esta\u00e7\u00e3o De Trabalho 80 Jamaica Branco  .body-casatema-use-internal { font-family: Arial, sans-serif; line-height: 1.6; } .container-casatema-use-internal { width: 80%; margin: 0 auto; padding: 20px; } .hx-casatema-use-internal { color: #333; } .ul-casatema-use-internal { list-style-type: none; padding: 0; } .li-casatema-use-internal { background: #f4f4f4; margin: 5px 0; padding: 10px; border-radius: 5px; } .highlight-casatema-use-internal { font-weight: bold; } .image-container-casatema-use-internal, .img-casatema-use-internal { width: 100%; height: auto; } \/* CSS para os atributos *\/ .table-attr-casatema-use-internal { border-spacing: 0px; width: 100%; } .table-attr-casatema-use-internal tr:nth-child(even) { background: #ffffff; } .table-attr-casatema-use-internal tr:nth-child(odd) { background: #dfede9; } .td-left-attr-casatema-use-internal { padding: 10px; width: 30%; font-weight: bold; } .td-right-attr-casatema-use-internal { padding: 10px; width: 70%; } .div-left-attr-casatema-use-internal { width: 100%; } .div-right-attr-casatema-use-internal { width: 100%; } .div-group-attr-casatema-use-internal { padding-bottom: 10px; } @media (min-width: 1224px) { .div-left-attr-casatema-use-internal { width: 49%; float: left; } .div-right-attr-casatema-use-internal { width: 49%; float: right; } }     Cama Alta Multifuncional Solteiro Infantil\/Juvenil com Esta\u00e7\u00e3o De Trabalho 80 Jamaica Branco. Otimizar espa\u00e7os \u00e9 uma das metas da Art In M\u00f3veis, por isso criamos a Cama Solteiro Jamaica. Este produto foi produzido em excelente material MDP com acabamento Finish Foil Acetinado, que garante maior resist\u00eancia e qualidade em seu m\u00f3vel. A ess\u00eancia de criar solu\u00e7\u00f5es que trazem mais conforto sua vida \u00e9 o grande diferencial dos produtos Art In M\u00f3veis. Cada nova ideia \u00e9 uma mistura de criatividade, funcionalidade e muita dedica\u00e7\u00e3o.   Caracter\u00edsticasAcompanha EscorregadorN\u00e3oAmbiente PrincipalQuartoCorBrancoCor FlexN\u00e3oCor PredominanteBrancoCor do ProdutoBrancoEstiloModernoExtens\u00edvelN\u00e3oGaveta com ChaveN\u00e3oLinha ou Cole\u00e7\u00e3oQUARTOMarcaArt in M\u00f3veisModularN\u00e3oOrigem do ProdutoNacionalPermite a Utiliza\u00e7\u00e3o de Cama AuxiliarN\u00e3oPeso M\u00e1ximo por Gaveta3.0Peso M\u00e1ximo por Prateleira50.0Possui Ba\u00faN\u00e3oPossui CasinhaN\u00e3oPossui EscrivaninhaSimPossui EstanteN\u00e3oPossui Ilumina\u00e7\u00e3oN\u00e3oPossui P\u00e9sN\u00e3oSuporta At\u00e9 (kg)110.0Tamanho da CamaSolteiroTamanho do Colch\u00e3oSolteiroTamanho do Colch\u00e3o Indicado (L x C)78cm x 188cmTipo de CamaMultifuncionalTipo de EstradoFixoTipo de PortaBaterTipo de Puxador da GavetaEmbutidoTipo de Puxador da PortaEmbutidoPesos e Dimens\u00f5esAltura (cm)108.8Altura do Estrado at\u00e9 o Ch\u00e3o103.0Largura (cm)192.0Profundidade (cm)82.0Documentos AdicionaisManual de Montagem e Instala\u00e7\u00e3oClique aqui para acessarmanual de montagemClique aqui para acessarGarantiaGarantia03 MesesItens InclusosAcompanha CabeceiraSimAcompanha Cama AuxiliarN\u00e3oAcompanha Colch\u00e3oN\u00e3oItens Inclusos1 Cama, 1 Manual de MontagemMateriais e AcabamentosAcabamentoFinish FoilAcabamento da GavetaFinish FoilAcabamento da PortaFinish FoilAcabamento da PrateleiraFinish FoilEscala de BrilhoFoscoEscala de Brilho da GavetaFoscoEscala de Brilho da PortaFoscoEscala de Brilho da PrateleiraFoscoMaterial PrincipalMDPMaterial da GavetaMDPMaterial da PortaMDPMaterial da PrateleiraMDPTipo de Corredi\u00e7a da GavetaMet\u00e1lica SimplesTipo de Dobradi\u00e7a\/Corredi\u00e7a da PortaMet\u00e1licaMontagemComplexidade da MontagemM\u00e9dia: pode ser montado por mais de uma pessoa e\/ou necessite de maior conhecimento para montagemMontagem FlexSim\/direita\/esquerdaNecessita MontagemSimRecomenda\u00e7\u00f5es de Uso, Manuten\u00e7\u00e3o e LimpezaPara a limpeza do m\u00f3vel utilizar pano levemente umedecidoSistema de MontagemParafusos, cavilhas e minifixOutras caracter\u00edsticasMaterial da CabeceiraMDPMaterial do EstradoEucalipto\/MDPPossui Gavetas1Possui Portas2Possui Prateleiras2<\/p>\n<hr \/>\n<h4>Aproveite e pesquise o pre\u00e7o deste produto em dezenas de lojas dos marketplaces abaixo:<\/h4>\n<p><a href=\"https:\/\/www.magazinevoce.com.br\/magazineezu\/busca\/Cama Alta Multifuncional Solteiro Infantil\/Juvenil com Esta\u00e7\u00e3o De Trabalho 80 Jamaica Branco\/\" target=\"_blank\" rel=\"noopener\"><img decoding=\"async\" src=\"https:\/\/bateroda.com.br\/marketplace\/logos\/magaezu.jpg\" alt=\"Pesquise no Magazine eZu\" \/> &#8211; Magazine eZu<\/a><\/p>\n<hr \/>\n<p><!-- START ADVERTISER: Webcontinental BR from awin.com --><\/p>\n<p><a href=\"https:\/\/www.awin1.com\/cread.php?awinmid=17743&#038;awinaffid=690303&#038;ued=https%3A%2F%2Fwww.webcontinental.com.br%2FCama Alta Multifuncional Solteiro Infantil\/Juvenil com Esta\u00e7\u00e3o De Trabalho 80 Jamaica Branco%3F_q%3DCama Alta Multifuncional Solteiro Infantil\/Juvenil com Esta\u00e7\u00e3o De Trabalho 80 Jamaica Branco%26map%3Dft\" rel=\"sponsored\"><img decoding=\"async\" src=\"https:\/\/lojawebcontinental.vtexassets.com\/arquivos\/logo-webcontinental-checkout.png\" border=\"0\" \/> &#8211; Loja Online.<\/a><\/p>\n<p><!-- END ADVERTISER: Webcontinental BR from awin.com --><\/p>\n","protected":false},"excerpt":{"rendered":"<p>R$ 1424.98 nas lojas <a href=\"https:\/\/www.awin1.com\/pclick.php?p=44999524768&#038;a=690303&#038;m=100453\" target=\"_blank\" rel=\"sponsored\">Casa Tema BR<\/a> <a class=\"more-link\" href=\"https:\/\/bonoro.com.br\/shop\/2026\/06\/cama-alta-multifuncional-solteiro-infantil-juvenil-com-estacao-de-trabalho-80-jamaica-branco-r-1424-98\/\">\u2192<\/a><\/p>\n","protected":false},"author":1,"featured_media":0,"comment_status":"closed","ping_status":"closed","sticky":false,"template":"","format":"standard","meta":{"footnotes":""},"categories":[198],"tags":[9829,14421,205],"class_list":["post-257828","post","type-post","status-publish","format-standard","hentry","category-produtos","tag-1424-98","tag-cama-alta-multifuncional-solteiro-infantil-juvenil-com-estacao-de-trabalho-80-jamaica-branco","tag-casa-tema-br"],"_links":{"self":[{"href":"https:\/\/bonoro.com.br\/shop\/wp-json\/wp\/v2\/posts\/257828","targetHints":{"allow":["GET"]}}],"collection":[{"href":"https:\/\/bonoro.com.br\/shop\/wp-json\/wp\/v2\/posts"}],"about":[{"href":"https:\/\/bonoro.com.br\/shop\/wp-json\/wp\/v2\/types\/post"}],"author":[{"embeddable":true,"href":"https:\/\/bonoro.com.br\/shop\/wp-json\/wp\/v2\/users\/1"}],"replies":[{"embeddable":true,"href":"https:\/\/bonoro.com.br\/shop\/wp-json\/wp\/v2\/comments?post=257828"}],"version-history":[{"count":0,"href":"https:\/\/bonoro.com.br\/shop\/wp-json\/wp\/v2\/posts\/257828\/revisions"}],"wp:attachment":[{"href":"https:\/\/bonoro.com.br\/shop\/wp-json\/wp\/v2\/media?parent=257828"}],"wp:term":[{"taxonomy":"category","embeddable":true,"href":"https:\/\/bonoro.com.br\/shop\/wp-json\/wp\/v2\/categories?post=257828"},{"taxonomy":"post_tag","embeddable":true,"href":"https:\/\/bonoro.com.br\/shop\/wp-json\/wp\/v2\/tags?post=257828"}],"curies":[{"name":"wp","href":"https:\/\/api.w.org\/{rel}","templated":true}]}}