{"id":257801,"date":"2026-06-29T05:38:09","date_gmt":"2026-06-29T05:38:09","guid":{"rendered":"https:\/\/bonoro.com.br\/shop\/2026\/06\/berco-arredondado-minicama-americano-3-em-1-luly-100-mdf-espresso-moveis-off-white-amendoa-r-1720-27\/"},"modified":"2026-06-29T05:38:09","modified_gmt":"2026-06-29T05:38:09","slug":"berco-arredondado-minicama-americano-3-em-1-luly-100-mdf-espresso-moveis-off-white-amendoa-r-1720-27","status":"publish","type":"post","link":"https:\/\/bonoro.com.br\/shop\/2026\/06\/berco-arredondado-minicama-americano-3-em-1-luly-100-mdf-espresso-moveis-off-white-amendoa-r-1720-27\/","title":{"rendered":"Ber\u00e7o Arredondado Minicama Americano 3 em 1 Luly 100% MDF Espresso M\u00f3veis Off White\/Am\u00eandoa &#8211; R$ 1720.27"},"content":{"rendered":"<h2><\/h2>\n<h3>Ber\u00e7o Arredondado Minicama Americano 3 em 1 Luly 100% MDF Espresso M\u00f3veis Off White\/Am\u00eandoa teve o pre\u00e7o, no dia acima especificado, de <strong>R$ 1720.27<\/strong>.<\/h3>\n<p>Confira o pre\u00e7o atual aqui: <a href=\"https:\/\/www.awin1.com\/cread.php?awinmid=100453&#038;awinaffid=690303&#038;ued=https:\/\/www.casatema.com.br\/berco-arredondado-minicama-americano-3-em-1-luly-100--mdf-espresso-moveis-off-white-amendoa\/p?idsku=973484\" rel=\"sponsored\" target=\"_blank\"><img decoding=\"async\" src=\"https:\/\/ui.awin.com\/images\/upload\/merchant\/profile\/100453.png\" alt=\"Ber\u00e7o Arredondado Minicama Americano 3 em 1 Luly 100% MDF Espresso M\u00f3veis Off White\/Am\u00eandoa\" \/> &#8211; nas lojas Casa Tema BR<\/a><\/p>\n<p><img decoding=\"async\" src=\"https:\/\/casatema.vteximg.com.br\/arquivos\/ids\/1040809_2\" alt=\"Ber\u00e7o Arredondado Minicama Americano 3 em 1 Luly 100% MDF Espresso M\u00f3veis Off White\/Am\u00eandoa\" \/><br \/>\nBer\u00e7o Arredondado Minicama Americano 3 em 1 Luly 100% MDF Espresso M\u00f3veis Off White\/Am\u00eandoa  .body-casatema-use-internal { font-family: Arial, sans-serif; line-height: 1.6; } .container-casatema-use-internal { width: 80%; margin: 0 auto; padding: 20px; } .hx-casatema-use-internal { color: #333; } .ul-casatema-use-internal { list-style-type: none; padding: 0; } .li-casatema-use-internal { background: #f4f4f4; margin: 5px 0; padding: 10px; border-radius: 5px; } .highlight-casatema-use-internal { font-weight: bold; } .image-container-casatema-use-internal, .img-casatema-use-internal { width: 100%; height: auto; } \/* CSS para os atributos *\/ .table-attr-casatema-use-internal { border-spacing: 0px; width: 100%; } .table-attr-casatema-use-internal tr:nth-child(even) { background: #ffffff; } .table-attr-casatema-use-internal tr:nth-child(odd) { background: #dfede9; } .td-left-attr-casatema-use-internal { padding: 10px; width: 30%; font-weight: bold; } .td-right-attr-casatema-use-internal { padding: 10px; width: 70%; } .div-left-attr-casatema-use-internal { width: 100%; } .div-right-attr-casatema-use-internal { width: 100%; } .div-group-attr-casatema-use-internal { padding-bottom: 10px; } @media (min-width: 1224px) { .div-left-attr-casatema-use-internal { width: 49%; float: left; } .div-right-attr-casatema-use-internal { width: 49%; float: right; } }     Ber\u00e7o Arredondado Minicama Americano 3 em 1 Luly 100% MDF Espresso M\u00f3veis Off White\/Am\u00eandoa. Crie um ambiente acolhedor e cheio de charme com m\u00f3veis no estilo retr\u00f4. Com detalhes no acabamento e p\u00e9s palito em madeira natural, a linha Luly traz um toque nost\u00e1lgico, perfeito para quem busca eleg\u00e2ncia atemporal. O Ber\u00e7o \u00e9 fabricado 100% em MDF e possui pintura at\u00f3xica. Seu estrado possui altura regul\u00e1vel, e as grades e molduras possuem bordas arredondadas e laqueadas, proporcionando uma sensa\u00e7\u00e3o agrad\u00e1vel ao toque. Acompanha suporte de cortinado. Ideal para pais que valorizam design cl\u00e1ssico e boa qualidade   Caracter\u00edsticasAmbiente PrincipalQuarto de Beb\u00eaBer\u00e7o 3 em 1SimCapiton\u00eaN\u00e3oCor PredominanteBegeCor do ProdutoOff White\/Am\u00eandoaEstiloRetr\u00f4Estrado Regul\u00e1vel em Quantas Posi\u00e7\u00f5es3Estrado com Regulagem de AlturaSimLinha ou Cole\u00e7\u00e3oLulyMarcaEspresso M\u00f3veisMaterial da CabeceiraMDFMultifun\u00e7\u00e3o FlexN\u00e3oOp\u00e7\u00f5es de Altura do Estrado29,40cm &#8211; 45,40cm &#8211; 58,20cmOrigem do ProdutoNacionalPermite a Utiliza\u00e7\u00e3o de Cama AuxiliarN\u00e3oPintura At\u00f3xicaSimPort\u00e1tilN\u00e3oPossui GavetasN\u00e3oPossui PortasN\u00e3oPossui PrateleirasN\u00e3oPossui P\u00e9sSimPossui Rod\u00edzioN\u00e3oSapatas NiveladorasSimSistema Anti-RefluxoN\u00e3oSuporta At\u00e9 (kg)40.0Tamanho do Colch\u00e3o Indicado (L x C)70cm x 130cmTipo de Ber\u00e7oBer\u00e7o Mini CamaTipo de CertificadoINMETRO &#8211; 012256\/2024Tipo de EstradoRemov\u00edvelTipo de Grade do Ber\u00e7oFixaDocumentos AdicionaisManual de Montagem e Instala\u00e7\u00e3oClique aqui para acessarGarantiaGarantia03 MesesItens InclusosAcompanha Cama AuxiliarN\u00e3oAcompanha Colch\u00e3oN\u00e3oAcompanha DosselN\u00e3oAcompanha M\u00f3bileN\u00e3oAcompanha Suporte para MosquiteiroSim Sem V\u00e9uItens Inclusos1 Ber\u00e7o 1 Kit Ferragens + Manual de MontagemMateriais e AcabamentosAcabamentoPintura UVAcabamento dos P\u00e9sPinturaEscala de BrilhoSemi-BrilhoMaterial PrincipalMDFMaterial dos P\u00e9sMadeira Maci\u00e7aTipo de Madeira Maci\u00e7a dos P\u00e9sPinusMontagemComplexidade da MontagemM\u00e9dia: pode ser montado por mais de uma pessoa e\/ou necessite de maior conhecimento para montagemMontagem FlexPode ser montado como Mini Cama ou Mini Sof\u00e1.Necessita MontagemSimRecomenda\u00e7\u00f5es de Uso, Manuten\u00e7\u00e3o e LimpezaPara limpeza utilizar somente pano limpo e macio, ligeiramente umedecido em \u00e1gua (apenas o bastante para remover a poeira), seguido de um pano seco.Sistema de MontagemParafusos autoatarraxantes, parafusos rosca m\u00e9trica, porcas met\u00e1licas, cavilhas de madeira, chapas met\u00e1licas, acess\u00f3rios pl\u00e1sticos.Outras caracter\u00edsticasMaterial da GradeMDF 25 e 12 mmMaterial do EstradoMDF e Laminado de madeiraPesos e Dimens\u00f5esAltura (cm)95.0Altura do Estrado at\u00e9 o Ch\u00e3o25.0Altura dos P\u00e9s22.5Largura (cm)135.0Peso (kg)42.0Profundidade (cm)76.0<\/p>\n<hr \/>\n<h4>Aproveite e pesquise o pre\u00e7o deste produto em dezenas de lojas dos marketplaces abaixo:<\/h4>\n<p><a href=\"https:\/\/www.magazinevoce.com.br\/magazineezu\/busca\/Ber\u00e7o Arredondado Minicama Americano 3 em 1 Luly 100% MDF Espresso M\u00f3veis Off White\/Am\u00eandoa\/\" target=\"_blank\" rel=\"noopener\"><img decoding=\"async\" src=\"https:\/\/bateroda.com.br\/marketplace\/logos\/magaezu.jpg\" alt=\"Pesquise no Magazine eZu\" \/> &#8211; Magazine eZu<\/a><\/p>\n<hr \/>\n<p><!-- START ADVERTISER: Webcontinental BR from awin.com --><\/p>\n<p><a href=\"https:\/\/www.awin1.com\/cread.php?awinmid=17743&#038;awinaffid=690303&#038;ued=https%3A%2F%2Fwww.webcontinental.com.br%2FBer\u00e7o Arredondado Minicama Americano 3 em 1 Luly 100% MDF Espresso M\u00f3veis Off White\/Am\u00eandoa%3F_q%3DBer\u00e7o Arredondado Minicama Americano 3 em 1 Luly 100% MDF Espresso M\u00f3veis Off White\/Am\u00eandoa%26map%3Dft\" rel=\"sponsored\"><img decoding=\"async\" src=\"https:\/\/lojawebcontinental.vtexassets.com\/arquivos\/logo-webcontinental-checkout.png\" border=\"0\" \/> &#8211; Loja Online.<\/a><\/p>\n<p><!-- END ADVERTISER: Webcontinental BR from awin.com --><\/p>\n","protected":false},"excerpt":{"rendered":"<p>R$ 1720.27 nas lojas <a href=\"https:\/\/www.awin1.com\/pclick.php?p=44999524741&#038;a=690303&#038;m=100453\" target=\"_blank\" rel=\"sponsored\">Casa Tema BR<\/a> <a class=\"more-link\" href=\"https:\/\/bonoro.com.br\/shop\/2026\/06\/berco-arredondado-minicama-americano-3-em-1-luly-100-mdf-espresso-moveis-off-white-amendoa-r-1720-27\/\">\u2192<\/a><\/p>\n","protected":false},"author":1,"featured_media":0,"comment_status":"closed","ping_status":"closed","sticky":false,"template":"","format":"standard","meta":{"footnotes":""},"categories":[198],"tags":[14379,14378,205],"class_list":["post-257801","post","type-post","status-publish","format-standard","hentry","category-produtos","tag-1720-27","tag-berco-arredondado-minicama-americano-3-em-1-luly-100-mdf-espresso-moveis-off-white-amendoa","tag-casa-tema-br"],"_links":{"self":[{"href":"https:\/\/bonoro.com.br\/shop\/wp-json\/wp\/v2\/posts\/257801","targetHints":{"allow":["GET"]}}],"collection":[{"href":"https:\/\/bonoro.com.br\/shop\/wp-json\/wp\/v2\/posts"}],"about":[{"href":"https:\/\/bonoro.com.br\/shop\/wp-json\/wp\/v2\/types\/post"}],"author":[{"embeddable":true,"href":"https:\/\/bonoro.com.br\/shop\/wp-json\/wp\/v2\/users\/1"}],"replies":[{"embeddable":true,"href":"https:\/\/bonoro.com.br\/shop\/wp-json\/wp\/v2\/comments?post=257801"}],"version-history":[{"count":0,"href":"https:\/\/bonoro.com.br\/shop\/wp-json\/wp\/v2\/posts\/257801\/revisions"}],"wp:attachment":[{"href":"https:\/\/bonoro.com.br\/shop\/wp-json\/wp\/v2\/media?parent=257801"}],"wp:term":[{"taxonomy":"category","embeddable":true,"href":"https:\/\/bonoro.com.br\/shop\/wp-json\/wp\/v2\/categories?post=257801"},{"taxonomy":"post_tag","embeddable":true,"href":"https:\/\/bonoro.com.br\/shop\/wp-json\/wp\/v2\/tags?post=257801"}],"curies":[{"name":"wp","href":"https:\/\/api.w.org\/{rel}","templated":true}]}}