{"id":257479,"date":"2026-06-07T14:15:13","date_gmt":"2026-06-07T14:15:13","guid":{"rendered":"https:\/\/bonoro.com.br\/shop\/2026\/06\/guarda-roupa-modulado-7-pecas-7-portas-2-mesa-cabeceira-jade-cabecasa-madeiraoriginals-cinza-urbano-r-7595-42\/"},"modified":"2026-06-07T14:15:13","modified_gmt":"2026-06-07T14:15:13","slug":"guarda-roupa-modulado-7-pecas-7-portas-2-mesa-cabeceira-jade-cabecasa-madeiraoriginals-cinza-urbano-r-7595-42","status":"publish","type":"post","link":"https:\/\/bonoro.com.br\/shop\/2026\/06\/guarda-roupa-modulado-7-pecas-7-portas-2-mesa-cabeceira-jade-cabecasa-madeiraoriginals-cinza-urbano-r-7595-42\/","title":{"rendered":"Guarda-roupa Modulado 7 Pe\u00e7as 7 Portas 2 Mesa Cabeceira Jade CabeCasa MadeiraOriginals Cinza Urbano &#8211; R$ 7595.42"},"content":{"rendered":"<h2><\/h2>\n<h3>Guarda-roupa Modulado 7 Pe\u00e7as 7 Portas 2 Mesa Cabeceira Jade CabeCasa MadeiraOriginals Cinza Urbano teve o pre\u00e7o, no dia acima especificado, de <strong>R$ 7595.42<\/strong>.<\/h3>\n<p>Confira o pre\u00e7o atual aqui: <a href=\"https:\/\/www.awin1.com\/cread.php?awinmid=100453&#038;awinaffid=690303&#038;ued=https:\/\/www.casatema.com.br\/guarda-roupa-modulado-7-pecas-7-portas-2-mesa-cabeceira-jade-cabecasa-madeiramadeira-cinza-urbano\/p?idsku=929334\" rel=\"sponsored\" target=\"_blank\"><img decoding=\"async\" src=\"https:\/\/ui.awin.com\/images\/upload\/merchant\/profile\/100453.png\" alt=\"Guarda-roupa Modulado 7 Pe\u00e7as 7 Portas 2 Mesa Cabeceira Jade CabeCasa MadeiraOriginals Cinza Urbano\" \/> &#8211; nas lojas Casa Tema BR<\/a><\/p>\n<p><img decoding=\"async\" src=\"https:\/\/casatema.vteximg.com.br\/arquivos\/ids\/985988_2\" alt=\"Guarda-roupa Modulado 7 Pe\u00e7as 7 Portas 2 Mesa Cabeceira Jade CabeCasa MadeiraOriginals Cinza Urbano\" \/><br \/>\nGuarda-roupa Modulado 7 Pe\u00e7as 7 Portas 2 Mesa Cabeceira Jade CabeCasa MadeiraOriginals Cinza Urbano  .body-casatema-use-internal { font-family: Arial, sans-serif; line-height: 1.6; } .container-casatema-use-internal { width: 80%; margin: 0 auto; padding: 20px; } .hx-casatema-use-internal { color: #333; } .ul-casatema-use-internal { list-style-type: none; padding: 0; } .li-casatema-use-internal { background: #f4f4f4; margin: 5px 0; padding: 10px; border-radius: 5px; } .highlight-casatema-use-internal { font-weight: bold; } .image-container-casatema-use-internal, .img-casatema-use-internal { width: 100%; height: auto; } \/* CSS para os atributos *\/ .table-attr-casatema-use-internal { border-spacing: 0px; width: 100%; } .table-attr-casatema-use-internal tr:nth-child(even) { background: #ffffff; } .table-attr-casatema-use-internal tr:nth-child(odd) { background: #dfede9; } .td-left-attr-casatema-use-internal { padding: 10px; width: 30%; font-weight: bold; } .td-right-attr-casatema-use-internal { padding: 10px; width: 70%; } .div-left-attr-casatema-use-internal { width: 100%; } .div-right-attr-casatema-use-internal { width: 100%; } .div-group-attr-casatema-use-internal { padding-bottom: 10px; } @media (min-width: 1224px) { .div-left-attr-casatema-use-internal { width: 49%; float: left; } .div-right-attr-casatema-use-internal { width: 49%; float: right; } }     Guarda-roupa Modulado 7 Pe\u00e7as 7 Portas 2 Mesa Cabeceira Jade CabeCasa MadeiraOriginals Cinza Urbano. Apresentamos nossa nova linha de m\u00f3veis modulados para quarto, a linha Jade Cabecasa MadeiraMadeira, combinando versatilidade e estilo para se adaptar perfeitamente a qualquer espa\u00e7o. Com design inteligente e funcionalidade em mente, nossa cole\u00e7\u00e3o oferece solu\u00e7\u00f5es de armazenamento personaliz\u00e1veis para criar um ambiente acolhedor e organizado, independentemente do tamanho do espa\u00e7o dispon\u00edvel. Liberte sua criatividade e mantenha seus pertences organizados de forma eficiente com o Guarda Roupa Modulado Jade. Especialmente projetado para atender \u00e0s suas necessidades de armazenamento, este guarda roupa oferece um cabideiro resistente e espa\u00e7oso para acomodar suas roupas de forma correta, sem amassar ou danificar, al\u00e9m de gavetas amplas para guardar itens menores de forma organizada. Complementando esses recursos, um maleiro super espa\u00e7oso e acess\u00edvel proporciona a organiza\u00e7\u00e3o de itens maiores que demandam f\u00e1cil acesso. Fabricado em MDP oferece uma base s\u00f3lida e resistente, enquanto o MDF dos puxadores proporciona uma superf\u00edcie suave e usinagem personalizada sofisticada. Essa combina\u00e7\u00e3o \u00fanica garante n\u00e3o apenas durabilidade excepcional, mas tamb\u00e9m uma est\u00e9tica luxuosa que traz identidade e eleg\u00e2ncia ao seu espa\u00e7o. Explorando a Versatilidade: Transforme seu Guarda Roupa em um Closet Aberto! Nosso Guarda Roupa foi concebido para se adaptar ao seu estilo de vida din\u00e2mico. Com a flexibilidade de remover as portas, voc\u00ea pode facilmente transformar seu Guarda Roupa em um closet aberto, exibindo suas roupas favoritas com eleg\u00e2ncia e acessibilidade. Tire o m\u00e1ximo proveito do espa\u00e7o dispon\u00edvel e adicione um toque moderno ao seu ambiente, permitindo que seu estilo brilhe sem limites.   Caracter\u00edsticasAmbiente PrincipalQuartoCorCinza UrbanoCor PredominanteCinzaCor do ProdutoCinza UrbanoFabrica\u00e7\u00e3o Pr\u00f3priaSimLinha ou Cole\u00e7\u00e3oJadeMarcaCabeCasa MadeiraMadeiraModularSimTipo de Guarda-roupaModuladoGarantiaGarantia24 MesesMateriais e AcabamentosAcabamentoFinish FoilMaterial PrincipalMDPMontagemNecessita MontagemSimOutras caracter\u00edsticasAmbientenullPesos e Dimens\u00f5esAltura (cm)200.0Largura (cm)215.5Peso (kg)263.5Profundidade (cm)175.0<\/p>\n<hr \/>\n<h4>Aproveite e pesquise o pre\u00e7o deste produto em dezenas de lojas dos marketplaces abaixo:<\/h4>\n<p><a href=\"https:\/\/www.magazinevoce.com.br\/magazineezu\/busca\/Guarda-roupa Modulado 7 Pe\u00e7as 7 Portas 2 Mesa Cabeceira Jade CabeCasa MadeiraOriginals Cinza Urbano\/\" target=\"_blank\" rel=\"noopener\"><img decoding=\"async\" src=\"https:\/\/bateroda.com.br\/marketplace\/logos\/magaezu.jpg\" alt=\"Pesquise no Magazine eZu\" \/> &#8211; Magazine eZu<\/a><\/p>\n<hr \/>\n<p><!-- START ADVERTISER: Webcontinental BR from awin.com --><\/p>\n<p><a href=\"https:\/\/www.awin1.com\/cread.php?awinmid=17743&#038;awinaffid=690303&#038;ued=https%3A%2F%2Fwww.webcontinental.com.br%2FGuarda-roupa Modulado 7 Pe\u00e7as 7 Portas 2 Mesa Cabeceira Jade CabeCasa MadeiraOriginals Cinza Urbano%3F_q%3DGuarda-roupa Modulado 7 Pe\u00e7as 7 Portas 2 Mesa Cabeceira Jade CabeCasa MadeiraOriginals Cinza Urbano%26map%3Dft\" rel=\"sponsored\"><img decoding=\"async\" src=\"https:\/\/lojawebcontinental.vtexassets.com\/arquivos\/logo-webcontinental-checkout.png\" border=\"0\" \/> &#8211; Loja Online.<\/a><\/p>\n<p><!-- END ADVERTISER: Webcontinental BR from awin.com --><\/p>\n","protected":false},"excerpt":{"rendered":"<p>R$ 7595.42 nas lojas <a href=\"https:\/\/www.awin1.com\/pclick.php?p=44999524388&#038;a=690303&#038;m=100453\" target=\"_blank\" rel=\"sponsored\">Casa Tema BR<\/a> <a class=\"more-link\" href=\"https:\/\/bonoro.com.br\/shop\/2026\/06\/guarda-roupa-modulado-7-pecas-7-portas-2-mesa-cabeceira-jade-cabecasa-madeiraoriginals-cinza-urbano-r-7595-42\/\">\u2192<\/a><\/p>\n","protected":false},"author":1,"featured_media":0,"comment_status":"closed","ping_status":"closed","sticky":false,"template":"","format":"standard","meta":{"footnotes":""},"categories":[198],"tags":[13883,205,13882],"class_list":["post-257479","post","type-post","status-publish","format-standard","hentry","category-produtos","tag-7595-42","tag-casa-tema-br","tag-guarda-roupa-modulado-7-pecas-7-portas-2-mesa-cabeceira-jade-cabecasa-madeiraoriginals-cinza-urbano"],"_links":{"self":[{"href":"https:\/\/bonoro.com.br\/shop\/wp-json\/wp\/v2\/posts\/257479","targetHints":{"allow":["GET"]}}],"collection":[{"href":"https:\/\/bonoro.com.br\/shop\/wp-json\/wp\/v2\/posts"}],"about":[{"href":"https:\/\/bonoro.com.br\/shop\/wp-json\/wp\/v2\/types\/post"}],"author":[{"embeddable":true,"href":"https:\/\/bonoro.com.br\/shop\/wp-json\/wp\/v2\/users\/1"}],"replies":[{"embeddable":true,"href":"https:\/\/bonoro.com.br\/shop\/wp-json\/wp\/v2\/comments?post=257479"}],"version-history":[{"count":0,"href":"https:\/\/bonoro.com.br\/shop\/wp-json\/wp\/v2\/posts\/257479\/revisions"}],"wp:attachment":[{"href":"https:\/\/bonoro.com.br\/shop\/wp-json\/wp\/v2\/media?parent=257479"}],"wp:term":[{"taxonomy":"category","embeddable":true,"href":"https:\/\/bonoro.com.br\/shop\/wp-json\/wp\/v2\/categories?post=257479"},{"taxonomy":"post_tag","embeddable":true,"href":"https:\/\/bonoro.com.br\/shop\/wp-json\/wp\/v2\/tags?post=257479"}],"curies":[{"name":"wp","href":"https:\/\/api.w.org\/{rel}","templated":true}]}}