{"id":257043,"date":"2026-06-28T21:06:54","date_gmt":"2026-06-28T21:06:54","guid":{"rendered":"https:\/\/bonoro.com.br\/shop\/2026\/06\/cama-solteiro-2-gavetas-iris-cabecasa-madeiraoriginals-branco-natural-r-1540-51\/"},"modified":"2026-06-28T21:06:54","modified_gmt":"2026-06-28T21:06:54","slug":"cama-solteiro-2-gavetas-iris-cabecasa-madeiraoriginals-branco-natural-r-1540-51","status":"publish","type":"post","link":"https:\/\/bonoro.com.br\/shop\/2026\/06\/cama-solteiro-2-gavetas-iris-cabecasa-madeiraoriginals-branco-natural-r-1540-51\/","title":{"rendered":"Cama Solteiro 2 Gavetas \u00cdris CabeCasa MadeiraOriginals Branco\/Natural &#8211; R$ 1540.51"},"content":{"rendered":"<h2><\/h2>\n<h3>Cama Solteiro 2 Gavetas \u00cdris CabeCasa MadeiraOriginals Branco\/Natural teve o pre\u00e7o, no dia acima especificado, de <strong>R$ 1540.51<\/strong>.<\/h3>\n<p>Confira o pre\u00e7o atual aqui: <a href=\"https:\/\/www.awin1.com\/cread.php?awinmid=100453&#038;awinaffid=690303&#038;ued=https:\/\/www.casatema.com.br\/cama-solteiro-2-gavetas-iris-cabecasa-madeiramadeira-branco-natural\/p?idsku=909063\" rel=\"sponsored\" target=\"_blank\"><img decoding=\"async\" src=\"https:\/\/ui.awin.com\/images\/upload\/merchant\/profile\/100453.png\" alt=\"Cama Solteiro 2 Gavetas \u00cdris CabeCasa MadeiraOriginals Branco\/Natural\" \/> &#8211; nas lojas Casa Tema BR<\/a><\/p>\n<p><img decoding=\"async\" src=\"https:\/\/casatema.vteximg.com.br\/arquivos\/ids\/917804_2\" alt=\"Cama Solteiro 2 Gavetas \u00cdris CabeCasa MadeiraOriginals Branco\/Natural\" \/><br \/>\nCama Solteiro 2 Gavetas \u00cdris CabeCasa MadeiraOriginals Branco\/Natural  .body-casatema-use-internal { font-family: Arial, sans-serif; line-height: 1.6; } .container-casatema-use-internal { width: 80%; margin: 0 auto; padding: 20px; } .hx-casatema-use-internal { color: #333; } .ul-casatema-use-internal { list-style-type: none; padding: 0; } .li-casatema-use-internal { background: #f4f4f4; margin: 5px 0; padding: 10px; border-radius: 5px; } .highlight-casatema-use-internal { font-weight: bold; } .image-container-casatema-use-internal, .img-casatema-use-internal { width: 100%; height: auto; } \/* CSS para os atributos *\/ .table-attr-casatema-use-internal { border-spacing: 0px; width: 100%; } .table-attr-casatema-use-internal tr:nth-child(even) { background: #ffffff; } .table-attr-casatema-use-internal tr:nth-child(odd) { background: #dfede9; } .td-left-attr-casatema-use-internal { padding: 10px; width: 30%; font-weight: bold; } .td-right-attr-casatema-use-internal { padding: 10px; width: 70%; } .div-left-attr-casatema-use-internal { width: 100%; } .div-right-attr-casatema-use-internal { width: 100%; } .div-group-attr-casatema-use-internal { padding-bottom: 10px; } @media (min-width: 1224px) { .div-left-attr-casatema-use-internal { width: 49%; float: left; } .div-right-attr-casatema-use-internal { width: 49%; float: right; } }     Cama Solteiro 2 Gavetas \u00cdris CabeCasa MadeiraOriginals Branco\/Natural. A Cama \u00cdris \u00e9 um modelo com design vers\u00e1til e moderno. Ela permite armazenar objetos, cal\u00e7ados e outros itens em suas duas gavetas. Produzida em madeira maci\u00e7a de pinus a estrutura \u00e9 resistente e bela. Depois nos conte como foi a experi\u00eancia de compra e como ficou seu ambiente nos coment\u00e1rios.   Caracter\u00edsticasAmbiente PrincipalQuartoCorBranco\/NaturalCor PredominanteBrancoCor do ProdutoBranco\/NaturalFabrica\u00e7\u00e3o Pr\u00f3priaSimGaveta com ChaveN\u00e3oInforma\u00e7\u00f5es Complementares (Novo)A cama suporta at\u00e9 100kg.Linha ou Cole\u00e7\u00e3o\u00cdrisMarcaCabeCasa MadeiraMadeiraOrigem do ProdutoNacionalPermite a Utiliza\u00e7\u00e3o de Cama AuxiliarN\u00e3oPeso M\u00e1ximo por Gaveta4.0Possui Ba\u00faN\u00e3oPossui GavetasSimPossui PortasN\u00e3oPossui PrateleirasN\u00e3oPossui P\u00e9sRodap\u00e9Possui Rod\u00edzioN\u00e3oQuantidade de Gavetas02 GavetasSapatas NiveladorasN\u00e3oSuporta At\u00e9 (kg)100.0Tamanho do Colch\u00e3oSolteiroTamanho do Colch\u00e3o Indicado (L x C)0,78&#215;1,88Tipo de CamaConvencionalTipo de EstradoFixoTipo de Puxador da GavetaExternoPesos e Dimens\u00f5esAltura (cm)95.6Altura do Estrado at\u00e9 o Ch\u00e3o26.0Altura dos P\u00e9s36.0Largura (cm)98.6Peso (kg)53.5Documentos AdicionaisManual de Montagem e Instala\u00e7\u00e3oClique aqui para acessarGarantiaGarantia24 MesesItens InclusosAcompanha Cama AuxiliarN\u00e3oAcompanha Colch\u00e3oN\u00e3oItens Inclusos1 Cama com Gavetas, Kit de Ferragens e Instru\u00e7\u00e3o de MontagemMateriais e AcabamentosAcabamentoPintura UVAcabamento da GavetaPinturaAcabamento dos P\u00e9sVernizEscala de BrilhoFoscoEscala de Brilho da GavetaFoscoMaterial PrincipalMadeira Maci\u00e7aMaterial da GavetaMDFMaterial do EstradoPinusMaterial dos P\u00e9sMadeira Maci\u00e7aTipo de Corredi\u00e7a da GavetaMet\u00e1lica SimplesTipo de Madeira Maci\u00e7aPinusTipo de Madeira Maci\u00e7a dos P\u00e9sPinusMontagemComplexidade da MontagemAlta: deve ser montado por um montador especializadoMontagem FlexGavetas podem ser montadas na lateral direita ou esquerda da cama.Necessita MontagemSimRecomenda\u00e7\u00f5es de Uso, Manuten\u00e7\u00e3o e LimpezaRetire o p\u00f3 com flanela seca e reaperte os parafusos de tempos em tempos.Sistema de MontagemCavilhas, parafuso minifix, parafuso philips e parafuso allen.<\/p>\n<hr \/>\n<h4>Aproveite e pesquise o pre\u00e7o deste produto em dezenas de lojas dos marketplaces abaixo:<\/h4>\n<p><a href=\"https:\/\/www.magazinevoce.com.br\/magazineezu\/busca\/Cama Solteiro 2 Gavetas \u00cdris CabeCasa MadeiraOriginals Branco\/Natural\/\" target=\"_blank\" rel=\"noopener\"><img decoding=\"async\" src=\"https:\/\/bateroda.com.br\/marketplace\/logos\/magaezu.jpg\" alt=\"Pesquise no Magazine eZu\" \/> &#8211; Magazine eZu<\/a><\/p>\n<hr \/>\n<p><!-- START ADVERTISER: Webcontinental BR from awin.com --><\/p>\n<p><a href=\"https:\/\/www.awin1.com\/cread.php?awinmid=17743&#038;awinaffid=690303&#038;ued=https%3A%2F%2Fwww.webcontinental.com.br%2FCama Solteiro 2 Gavetas \u00cdris CabeCasa MadeiraOriginals Branco\/Natural%3F_q%3DCama Solteiro 2 Gavetas \u00cdris CabeCasa MadeiraOriginals Branco\/Natural%26map%3Dft\" rel=\"sponsored\"><img decoding=\"async\" src=\"https:\/\/lojawebcontinental.vtexassets.com\/arquivos\/logo-webcontinental-checkout.png\" border=\"0\" \/> &#8211; Loja Online.<\/a><\/p>\n<p><!-- END ADVERTISER: Webcontinental BR from awin.com --><\/p>\n","protected":false},"excerpt":{"rendered":"<p>R$ 1540.51 nas lojas <a href=\"https:\/\/www.awin1.com\/pclick.php?p=44999523921&#038;a=690303&#038;m=100453\" target=\"_blank\" rel=\"sponsored\">Casa Tema BR<\/a> <a class=\"more-link\" href=\"https:\/\/bonoro.com.br\/shop\/2026\/06\/cama-solteiro-2-gavetas-iris-cabecasa-madeiraoriginals-branco-natural-r-1540-51\/\">\u2192<\/a><\/p>\n","protected":false},"author":1,"featured_media":0,"comment_status":"closed","ping_status":"closed","sticky":false,"template":"","format":"standard","meta":{"footnotes":""},"categories":[198],"tags":[13118,13117,205],"class_list":["post-257043","post","type-post","status-publish","format-standard","hentry","category-produtos","tag-1540-51","tag-cama-solteiro-2-gavetas-iris-cabecasa-madeiraoriginals-branco-natural","tag-casa-tema-br"],"_links":{"self":[{"href":"https:\/\/bonoro.com.br\/shop\/wp-json\/wp\/v2\/posts\/257043","targetHints":{"allow":["GET"]}}],"collection":[{"href":"https:\/\/bonoro.com.br\/shop\/wp-json\/wp\/v2\/posts"}],"about":[{"href":"https:\/\/bonoro.com.br\/shop\/wp-json\/wp\/v2\/types\/post"}],"author":[{"embeddable":true,"href":"https:\/\/bonoro.com.br\/shop\/wp-json\/wp\/v2\/users\/1"}],"replies":[{"embeddable":true,"href":"https:\/\/bonoro.com.br\/shop\/wp-json\/wp\/v2\/comments?post=257043"}],"version-history":[{"count":0,"href":"https:\/\/bonoro.com.br\/shop\/wp-json\/wp\/v2\/posts\/257043\/revisions"}],"wp:attachment":[{"href":"https:\/\/bonoro.com.br\/shop\/wp-json\/wp\/v2\/media?parent=257043"}],"wp:term":[{"taxonomy":"category","embeddable":true,"href":"https:\/\/bonoro.com.br\/shop\/wp-json\/wp\/v2\/categories?post=257043"},{"taxonomy":"post_tag","embeddable":true,"href":"https:\/\/bonoro.com.br\/shop\/wp-json\/wp\/v2\/tags?post=257043"}],"curies":[{"name":"wp","href":"https:\/\/api.w.org\/{rel}","templated":true}]}}