{"id":256971,"date":"2026-06-27T22:07:29","date_gmt":"2026-06-27T22:07:29","guid":{"rendered":"https:\/\/bonoro.com.br\/shop\/2026\/06\/mesa-de-cabeceira-nicho-em-aco-begonia-cabecasa-madeiraoriginals-branco-branco-r-329-39\/"},"modified":"2026-06-27T22:07:29","modified_gmt":"2026-06-27T22:07:29","slug":"mesa-de-cabeceira-nicho-em-aco-begonia-cabecasa-madeiraoriginals-branco-branco-r-329-39","status":"publish","type":"post","link":"https:\/\/bonoro.com.br\/shop\/2026\/06\/mesa-de-cabeceira-nicho-em-aco-begonia-cabecasa-madeiraoriginals-branco-branco-r-329-39\/","title":{"rendered":"Mesa de Cabeceira Nicho em A\u00e7o Beg\u00f4nia CabeCasa MadeiraOriginals Branco Branco &#8211; R$ 329.39"},"content":{"rendered":"<h2><\/h2>\n<h3>Mesa de Cabeceira Nicho em A\u00e7o Beg\u00f4nia CabeCasa MadeiraOriginals Branco Branco teve o pre\u00e7o, no dia acima especificado, de <strong>R$ 329.39<\/strong>.<\/h3>\n<p>Confira o pre\u00e7o atual aqui: <a href=\"https:\/\/www.awin1.com\/cread.php?awinmid=100453&#038;awinaffid=690303&#038;ued=https:\/\/www.casatema.com.br\/mesa-de-cabeceira-nicho-em-aco-begonia-cabecasa-madeiramadeira-branco\/p?idsku=721453\" rel=\"sponsored\" target=\"_blank\"><img decoding=\"async\" src=\"https:\/\/ui.awin.com\/images\/upload\/merchant\/profile\/100453.png\" alt=\"Mesa de Cabeceira Nicho em A\u00e7o Beg\u00f4nia CabeCasa MadeiraOriginals Branco Branco\" \/> &#8211; nas lojas Casa Tema BR<\/a><\/p>\n<p><img decoding=\"async\" src=\"https:\/\/casatema.vteximg.com.br\/arquivos\/ids\/916727_2\" alt=\"Mesa de Cabeceira Nicho em A\u00e7o Beg\u00f4nia CabeCasa MadeiraOriginals Branco Branco\" \/><br \/>\nMesa de Cabeceira Nicho em A\u00e7o Beg\u00f4nia CabeCasa MadeiraOriginals Branco Branco  .body-casatema-use-internal { font-family: Arial, sans-serif; line-height: 1.6; } .container-casatema-use-internal { width: 80%; margin: 0 auto; padding: 20px; } .hx-casatema-use-internal { color: #333; } .ul-casatema-use-internal { list-style-type: none; padding: 0; } .li-casatema-use-internal { background: #f4f4f4; margin: 5px 0; padding: 10px; border-radius: 5px; } .highlight-casatema-use-internal { font-weight: bold; } .image-container-casatema-use-internal, .img-casatema-use-internal { width: 100%; height: auto; } \/* CSS para os atributos *\/ .table-attr-casatema-use-internal { border-spacing: 0px; width: 100%; } .table-attr-casatema-use-internal tr:nth-child(even) { background: #ffffff; } .table-attr-casatema-use-internal tr:nth-child(odd) { background: #dfede9; } .td-left-attr-casatema-use-internal { padding: 10px; width: 30%; font-weight: bold; } .td-right-attr-casatema-use-internal { padding: 10px; width: 70%; } .div-left-attr-casatema-use-internal { width: 100%; } .div-right-attr-casatema-use-internal { width: 100%; } .div-group-attr-casatema-use-internal { padding-bottom: 10px; } @media (min-width: 1224px) { .div-left-attr-casatema-use-internal { width: 49%; float: left; } .div-right-attr-casatema-use-internal { width: 49%; float: right; } }     Mesa de Cabeceira Nicho em A\u00e7o Beg\u00f4nia CabeCasa MadeiraOriginals Branco Branco. Os acess\u00f3rios para seu quarto fazem toda a diferen\u00e7a no seu cantinho de relax. Saber que podemos contar com um apoio ao lado da cama \u00e9 a melhor sensa\u00e7\u00e3o. Um espacinho para deixar um abajur, apoiar seu \u00f3culos, livre ou celular, deixar um copo de \u00e1gua para ter durante a noite&#8230; v\u00e1rias op\u00e7\u00f5es que facilitam nossa vida! A Mesa de Cabeceira Beg\u00f4nia \u00e9 o produto perfeito para voc\u00ea que quer completar seu quarto com um lindo m\u00f3vel, al\u00e9m de combinar com a Cama Beg\u00f4nia. Estrutura em a\u00e7o e acabamento em pintura cor cobre. \u00c9 uma pe\u00e7a cheia de estilo que n\u00e3o pode faltar na sua casa!   Atributos em an\u00e1liseTonalidadeBrancoDocumentos AdicionaisManual de MontagemClique aqui para acessarGarantiaGarantia24 MesesItens InclusosItens Inclusos1 Mesa de cabeceira, Kit de ferragens e Instru\u00e7\u00f5es de montagemMateriais e AcabamentosAcabamentoPinturaAcabamento da PrateleiraPinturaEscala de BrilhoFoscoEscala de Brilho da PrateleiraBrilhanteMaterial PrincipalA\u00e7oMaterial da PrateleiraA\u00e7oMontagemComplexidade da MontagemM\u00e9dia: pode ser montado por mais de uma pessoa e\/ou necessite de maior conhecimento para montagemNecessita MontagemSimRecomenda\u00e7\u00f5es de Uso, Manuten\u00e7\u00e3o e LimpezaRetire o p\u00f3 com flanela seca ou pano macio \u00famido. N\u00e3o utilizar esponjas ou acess\u00f3rios \u00e1speros. Reaperte os parafusos de tempos em tempos.Sistema de MontagemParafusosOutras caracter\u00edsticasundefined661414Pesos e Dimens\u00f5esAltura (cm)54.0Largura (cm)33.8Peso (kg)2.2Profundidade (cm)30.0Caracter\u00edsticasAmbienteQuartoAmbiente PrincipalQuartoCorBrancoCor InternaBrancoCor PredominanteBrancoCor do ProdutoBrancoEstiloIndustrialFabrica\u00e7\u00e3o Pr\u00f3priaSimGaveta com ChaveN\u00e3oLinha ou Cole\u00e7\u00e3oBeg\u00f4niaMarcaCabeCasa MadeiraMadeiraOrigem do ProdutoNacionalPeso M\u00e1ximo por Prateleira5.0Pet FriendlyN\u00e3oPossui EspelhosN\u00e3oPossui GavetasN\u00e3oPossui NichosN\u00e3oPossui PortasN\u00e3oPossui PrateleirasSimPossui P\u00e9sN\u00e3oPossui Rod\u00edzioN\u00e3oPossui VidroN\u00e3oQuantidade de EspelhosN\u00e3oQuantidade de Prateleiras02 PrateleirasSapatas NiveladorasN\u00e3oSuporta At\u00e9 (kg)10.0<\/p>\n<hr \/>\n<h4>Aproveite e pesquise o pre\u00e7o deste produto em dezenas de lojas dos marketplaces abaixo:<\/h4>\n<p><a href=\"https:\/\/www.magazinevoce.com.br\/magazineezu\/busca\/Mesa de Cabeceira Nicho em A\u00e7o Beg\u00f4nia CabeCasa MadeiraOriginals Branco Branco\/\" target=\"_blank\" rel=\"noopener\"><img decoding=\"async\" src=\"https:\/\/bateroda.com.br\/marketplace\/logos\/magaezu.jpg\" alt=\"Pesquise no Magazine eZu\" \/> &#8211; Magazine eZu<\/a><\/p>\n<hr \/>\n<p><!-- START ADVERTISER: Webcontinental BR from awin.com --><\/p>\n<p><a href=\"https:\/\/www.awin1.com\/cread.php?awinmid=17743&#038;awinaffid=690303&#038;ued=https%3A%2F%2Fwww.webcontinental.com.br%2FMesa de Cabeceira Nicho em A\u00e7o Beg\u00f4nia CabeCasa MadeiraOriginals Branco Branco%3F_q%3DMesa de Cabeceira Nicho em A\u00e7o Beg\u00f4nia CabeCasa MadeiraOriginals Branco Branco%26map%3Dft\" rel=\"sponsored\"><img decoding=\"async\" src=\"https:\/\/lojawebcontinental.vtexassets.com\/arquivos\/logo-webcontinental-checkout.png\" border=\"0\" \/> &#8211; Loja Online.<\/a><\/p>\n<p><!-- END ADVERTISER: Webcontinental BR from awin.com --><\/p>\n","protected":false},"excerpt":{"rendered":"<p>R$ 329.39 nas lojas <a href=\"https:\/\/www.awin1.com\/pclick.php?p=44999523849&#038;a=690303&#038;m=100453\" target=\"_blank\" rel=\"sponsored\">Casa Tema BR<\/a> <a class=\"more-link\" href=\"https:\/\/bonoro.com.br\/shop\/2026\/06\/mesa-de-cabeceira-nicho-em-aco-begonia-cabecasa-madeiraoriginals-branco-branco-r-329-39\/\">\u2192<\/a><\/p>\n","protected":false},"author":1,"featured_media":0,"comment_status":"closed","ping_status":"closed","sticky":false,"template":"","format":"standard","meta":{"footnotes":""},"categories":[198],"tags":[10841,205,12996],"class_list":["post-256971","post","type-post","status-publish","format-standard","hentry","category-produtos","tag-329-39","tag-casa-tema-br","tag-mesa-de-cabeceira-nicho-em-aco-begonia-cabecasa-madeiraoriginals-branco-branco"],"_links":{"self":[{"href":"https:\/\/bonoro.com.br\/shop\/wp-json\/wp\/v2\/posts\/256971","targetHints":{"allow":["GET"]}}],"collection":[{"href":"https:\/\/bonoro.com.br\/shop\/wp-json\/wp\/v2\/posts"}],"about":[{"href":"https:\/\/bonoro.com.br\/shop\/wp-json\/wp\/v2\/types\/post"}],"author":[{"embeddable":true,"href":"https:\/\/bonoro.com.br\/shop\/wp-json\/wp\/v2\/users\/1"}],"replies":[{"embeddable":true,"href":"https:\/\/bonoro.com.br\/shop\/wp-json\/wp\/v2\/comments?post=256971"}],"version-history":[{"count":0,"href":"https:\/\/bonoro.com.br\/shop\/wp-json\/wp\/v2\/posts\/256971\/revisions"}],"wp:attachment":[{"href":"https:\/\/bonoro.com.br\/shop\/wp-json\/wp\/v2\/media?parent=256971"}],"wp:term":[{"taxonomy":"category","embeddable":true,"href":"https:\/\/bonoro.com.br\/shop\/wp-json\/wp\/v2\/categories?post=256971"},{"taxonomy":"post_tag","embeddable":true,"href":"https:\/\/bonoro.com.br\/shop\/wp-json\/wp\/v2\/tags?post=256971"}],"curies":[{"name":"wp","href":"https:\/\/api.w.org\/{rel}","templated":true}]}}