{"id":256944,"date":"2026-06-14T00:05:14","date_gmt":"2026-06-14T00:05:14","guid":{"rendered":"https:\/\/bonoro.com.br\/shop\/2026\/06\/quarto-de-bebe-berco-3-em-1-guarda-roupa-e-comoda-com-janelas-100-mdf-aurora-espresso-moveis-branco-brilho-amendoa-r-1794-85\/"},"modified":"2026-06-14T00:05:14","modified_gmt":"2026-06-14T00:05:14","slug":"quarto-de-bebe-berco-3-em-1-guarda-roupa-e-comoda-com-janelas-100-mdf-aurora-espresso-moveis-branco-brilho-amendoa-r-1794-85","status":"publish","type":"post","link":"https:\/\/bonoro.com.br\/shop\/2026\/06\/quarto-de-bebe-berco-3-em-1-guarda-roupa-e-comoda-com-janelas-100-mdf-aurora-espresso-moveis-branco-brilho-amendoa-r-1794-85\/","title":{"rendered":"Quarto de Beb\u00ea Ber\u00e7o 3 em 1, Guarda-roupa e C\u00f4moda com Janelas 100% MDF Aurora Espresso M\u00f3veis Branco Brilho\/Am\u00eandoa &#8211; R$ 1794.85"},"content":{"rendered":"<h2><\/h2>\n<h3>Quarto de Beb\u00ea Ber\u00e7o 3 em 1, Guarda-roupa e C\u00f4moda com Janelas 100% MDF Aurora Espresso M\u00f3veis Branco Brilho\/Am\u00eandoa teve o pre\u00e7o, no dia acima especificado, de <strong>R$ 1794.85<\/strong>.<\/h3>\n<p>Confira o pre\u00e7o atual aqui: <a href=\"https:\/\/www.awin1.com\/cread.php?awinmid=100453&#038;awinaffid=690303&#038;ued=https:\/\/www.casatema.com.br\/quarto-de-bebe-completo-guarda-roupa-comoda-com-janelas-e-berco-100--mdf-aurora-espresso-moveis-branco-brilho-amendoa\/p?idsku=956236\" rel=\"sponsored\" target=\"_blank\"><img decoding=\"async\" src=\"https:\/\/ui.awin.com\/images\/upload\/merchant\/profile\/100453.png\" alt=\"Quarto de Beb\u00ea Ber\u00e7o 3 em 1, Guarda-roupa e C\u00f4moda com Janelas 100% MDF Aurora Espresso M\u00f3veis Branco Brilho\/Am\u00eandoa\" \/> &#8211; nas lojas Casa Tema BR<\/a><\/p>\n<p><img decoding=\"async\" src=\"https:\/\/casatema.vteximg.com.br\/arquivos\/ids\/916021_2\" alt=\"Quarto de Beb\u00ea Ber\u00e7o 3 em 1, Guarda-roupa e C\u00f4moda com Janelas 100% MDF Aurora Espresso M\u00f3veis Branco Brilho\/Am\u00eandoa\" \/><br \/>\nQuarto de Beb\u00ea Ber\u00e7o 3 em 1, Guarda-roupa e C\u00f4moda com Janelas 100% MDF Aurora Espresso M\u00f3veis Branco Brilho\/Am\u00eandoa  .body-casatema-use-internal { font-family: Arial, sans-serif; line-height: 1.6; } .container-casatema-use-internal { width: 80%; margin: 0 auto; padding: 20px; } .hx-casatema-use-internal { color: #333; } .ul-casatema-use-internal { list-style-type: none; padding: 0; } .li-casatema-use-internal { background: #f4f4f4; margin: 5px 0; padding: 10px; border-radius: 5px; } .highlight-casatema-use-internal { font-weight: bold; } .image-container-casatema-use-internal, .img-casatema-use-internal { width: 100%; height: auto; } \/* CSS para os atributos *\/ .table-attr-casatema-use-internal { border-spacing: 0px; width: 100%; } .table-attr-casatema-use-internal tr:nth-child(even) { background: #ffffff; } .table-attr-casatema-use-internal tr:nth-child(odd) { background: #dfede9; } .td-left-attr-casatema-use-internal { padding: 10px; width: 30%; font-weight: bold; } .td-right-attr-casatema-use-internal { padding: 10px; width: 70%; } .div-left-attr-casatema-use-internal { width: 100%; } .div-right-attr-casatema-use-internal { width: 100%; } .div-group-attr-casatema-use-internal { padding-bottom: 10px; } @media (min-width: 1224px) { .div-left-attr-casatema-use-internal { width: 49%; float: left; } .div-right-attr-casatema-use-internal { width: 49%; float: right; } }     Quarto de Beb\u00ea Ber\u00e7o 3 em 1, Guarda-roupa e C\u00f4moda com Janelas 100% MDF Aurora Espresso M\u00f3veis Branco Brilho\/Am\u00eandoa. Qualidade, beleza, conforto e seguran\u00e7a para toda fam\u00edlia na hora de montar o quartinho do(a) beb\u00ea. Produtos estrurados em 100% MDF e com acabamento em pintura UV at\u00f3xica. O ber\u00e7o possui padr\u00e3o de colch\u00e3o americano, estrado com altura regul\u00e1vel e todas as bordas arredondadas e laqueadas, que proporcionam uma sensa\u00e7\u00e3o agrad\u00e1vel ao toque, al\u00e9m de poder ser usado como minicama ou minisof\u00e1, prolongando seu uso. As gavetas deslizam suavemente por corredi\u00e7as telesc\u00f3picas, facilitando sua abertura, interno com prateleiras que s\u00e3o ideais para acomodar as pe\u00e7as com organiza\u00e7\u00e3o da sua prefer\u00eancia. Essa proposta \u00e9 a queridinha do momento. Ambiente composto por: &#8211; 1 Guarda Roupas 3 Portas com Janelas 188,50 x 91,90 x 41,50 (A x L x P &#8211; cm) &#8211; 1 C\u00f4moda 1 Porta 4 Gavetas 88 x 95,30 x 42,30 (A x L x P &#8211; cm) &#8211; 1 Ber\u00e7o Minicama 3 em 1 99 x 148 x 78,40 (A x L x P &#8211; cm)   Caracter\u00edsticasAmbiente PrincipalQuarto de Beb\u00eaCorBranco Brilho\/Am\u00eandoaCor PredominanteBrancoCor do ProdutoBranco Brilho\/Am\u00eandoaEstrado com Regulagem de AlturaSimLinha ou Cole\u00e7\u00e3oAuroraMarcaEspresso M\u00f3veisO Conjunto Cont\u00e9mBer\u00e7o\/Guarda-Roupa\/C\u00f4modaPermite a Utiliza\u00e7\u00e3o de Cama AuxiliarN\u00e3oPintura At\u00f3xicaSimPossui PortasSimPossui Rod\u00edzioN\u00e3oQuantidade de Portas3 PortasSuporta At\u00e9 (kg)40.0GarantiaGarantia03 MesesMateriais e AcabamentosAcabamentoPintura UVMaterial PrincipalMDFMontagemNecessita MontagemSimOutras caracter\u00edsticasAmbientenullPesos e Dimens\u00f5esAltura do Conjunto188.5Largura do Conjunto148.0<\/p>\n<hr \/>\n<h4>Aproveite e pesquise o pre\u00e7o deste produto em dezenas de lojas dos marketplaces abaixo:<\/h4>\n<p><a href=\"https:\/\/www.magazinevoce.com.br\/magazineezu\/busca\/Quarto de Beb\u00ea Ber\u00e7o 3 em 1, Guarda-roupa e C\u00f4moda com Janelas 100% MDF Aurora Espresso M\u00f3veis Branco Brilho\/Am\u00eandoa\/\" target=\"_blank\" rel=\"noopener\"><img decoding=\"async\" src=\"https:\/\/bateroda.com.br\/marketplace\/logos\/magaezu.jpg\" alt=\"Pesquise no Magazine eZu\" \/> &#8211; Magazine eZu<\/a><\/p>\n<hr \/>\n<p><!-- START ADVERTISER: Webcontinental BR from awin.com --><\/p>\n<p><a href=\"https:\/\/www.awin1.com\/cread.php?awinmid=17743&#038;awinaffid=690303&#038;ued=https%3A%2F%2Fwww.webcontinental.com.br%2FQuarto de Beb\u00ea Ber\u00e7o 3 em 1, Guarda-roupa e C\u00f4moda com Janelas 100% MDF Aurora Espresso M\u00f3veis Branco Brilho\/Am\u00eandoa%3F_q%3DQuarto de Beb\u00ea Ber\u00e7o 3 em 1, Guarda-roupa e C\u00f4moda com Janelas 100% MDF Aurora Espresso M\u00f3veis Branco Brilho\/Am\u00eandoa%26map%3Dft\" rel=\"sponsored\"><img decoding=\"async\" src=\"https:\/\/lojawebcontinental.vtexassets.com\/arquivos\/logo-webcontinental-checkout.png\" border=\"0\" \/> &#8211; Loja Online.<\/a><\/p>\n<p><!-- END ADVERTISER: Webcontinental BR from awin.com --><\/p>\n","protected":false},"excerpt":{"rendered":"<p>R$ 1794.85 nas lojas <a href=\"https:\/\/www.awin1.com\/pclick.php?p=44999523822&#038;a=690303&#038;m=100453\" target=\"_blank\" rel=\"sponsored\">Casa Tema BR<\/a> <a class=\"more-link\" href=\"https:\/\/bonoro.com.br\/shop\/2026\/06\/quarto-de-bebe-berco-3-em-1-guarda-roupa-e-comoda-com-janelas-100-mdf-aurora-espresso-moveis-branco-brilho-amendoa-r-1794-85\/\">\u2192<\/a><\/p>\n","protected":false},"author":1,"featured_media":0,"comment_status":"closed","ping_status":"closed","sticky":false,"template":"","format":"standard","meta":{"footnotes":""},"categories":[198],"tags":[12952,205,12951,12862],"class_list":["post-256944","post","type-post","status-publish","format-standard","hentry","category-produtos","tag-1794-85","tag-casa-tema-br","tag-guarda-roupa-e-comoda-com-janelas-100-mdf-aurora-espresso-moveis-branco-brilho-amendoa","tag-quarto-de-bebe-berco-3-em-1"],"_links":{"self":[{"href":"https:\/\/bonoro.com.br\/shop\/wp-json\/wp\/v2\/posts\/256944","targetHints":{"allow":["GET"]}}],"collection":[{"href":"https:\/\/bonoro.com.br\/shop\/wp-json\/wp\/v2\/posts"}],"about":[{"href":"https:\/\/bonoro.com.br\/shop\/wp-json\/wp\/v2\/types\/post"}],"author":[{"embeddable":true,"href":"https:\/\/bonoro.com.br\/shop\/wp-json\/wp\/v2\/users\/1"}],"replies":[{"embeddable":true,"href":"https:\/\/bonoro.com.br\/shop\/wp-json\/wp\/v2\/comments?post=256944"}],"version-history":[{"count":0,"href":"https:\/\/bonoro.com.br\/shop\/wp-json\/wp\/v2\/posts\/256944\/revisions"}],"wp:attachment":[{"href":"https:\/\/bonoro.com.br\/shop\/wp-json\/wp\/v2\/media?parent=256944"}],"wp:term":[{"taxonomy":"category","embeddable":true,"href":"https:\/\/bonoro.com.br\/shop\/wp-json\/wp\/v2\/categories?post=256944"},{"taxonomy":"post_tag","embeddable":true,"href":"https:\/\/bonoro.com.br\/shop\/wp-json\/wp\/v2\/tags?post=256944"}],"curies":[{"name":"wp","href":"https:\/\/api.w.org\/{rel}","templated":true}]}}