{"id":256838,"date":"2026-06-29T17:14:23","date_gmt":"2026-06-29T17:14:23","guid":{"rendered":"https:\/\/bonoro.com.br\/shop\/2026\/06\/guarda-roupa-infantil-premium-marcella-242cm-com-espelho-3-portas-6-gavetas-minastex-branco-r-2184-98\/"},"modified":"2026-06-29T17:14:23","modified_gmt":"2026-06-29T17:14:23","slug":"guarda-roupa-infantil-premium-marcella-242cm-com-espelho-3-portas-6-gavetas-minastex-branco-r-2184-98","status":"publish","type":"post","link":"https:\/\/bonoro.com.br\/shop\/2026\/06\/guarda-roupa-infantil-premium-marcella-242cm-com-espelho-3-portas-6-gavetas-minastex-branco-r-2184-98\/","title":{"rendered":"Guarda Roupa Infantil Premium Marcella 242cm com Espelho 3 Portas 6 Gavetas Minastex Branco &#8211; R$ 2184.98"},"content":{"rendered":"<h2><\/h2>\n<h3>Guarda Roupa Infantil Premium Marcella 242cm com Espelho 3 Portas 6 Gavetas Minastex Branco teve o pre\u00e7o, no dia acima especificado, de <strong>R$ 2184.98<\/strong>.<\/h3>\n<p>Confira o pre\u00e7o atual aqui: <a href=\"https:\/\/www.awin1.com\/cread.php?awinmid=100453&#038;awinaffid=690303&#038;ued=https:\/\/www.casatema.com.br\/guarda-roupa-infantil-premium-marcella-242cm-com-espelho-3-portas-6-gavetas-minastex-branco\/p?idsku=923977\" rel=\"sponsored\" target=\"_blank\"><img decoding=\"async\" src=\"https:\/\/ui.awin.com\/images\/upload\/merchant\/profile\/100453.png\" alt=\"Guarda Roupa Infantil Premium Marcella 242cm com Espelho 3 Portas 6 Gavetas Minastex Branco\" \/> &#8211; nas lojas Casa Tema BR<\/a><\/p>\n<p><img decoding=\"async\" src=\"https:\/\/casatema.vteximg.com.br\/arquivos\/ids\/906789_2\" alt=\"Guarda Roupa Infantil Premium Marcella 242cm com Espelho 3 Portas 6 Gavetas Minastex Branco\" \/><br \/>\nGuarda Roupa Infantil Premium Marcella 242cm com Espelho 3 Portas 6 Gavetas Minastex Branco  .body-casatema-use-internal { font-family: Arial, sans-serif; line-height: 1.6; } .container-casatema-use-internal { width: 80%; margin: 0 auto; padding: 20px; } .hx-casatema-use-internal { color: #333; } .ul-casatema-use-internal { list-style-type: none; padding: 0; } .li-casatema-use-internal { background: #f4f4f4; margin: 5px 0; padding: 10px; border-radius: 5px; } .highlight-casatema-use-internal { font-weight: bold; } .image-container-casatema-use-internal, .img-casatema-use-internal { width: 100%; height: auto; } \/* CSS para os atributos *\/ .table-attr-casatema-use-internal { border-spacing: 0px; width: 100%; } .table-attr-casatema-use-internal tr:nth-child(even) { background: #ffffff; } .table-attr-casatema-use-internal tr:nth-child(odd) { background: #dfede9; } .td-left-attr-casatema-use-internal { padding: 10px; width: 30%; font-weight: bold; } .td-right-attr-casatema-use-internal { padding: 10px; width: 70%; } .div-left-attr-casatema-use-internal { width: 100%; } .div-right-attr-casatema-use-internal { width: 100%; } .div-group-attr-casatema-use-internal { padding-bottom: 10px; } @media (min-width: 1224px) { .div-left-attr-casatema-use-internal { width: 49%; float: left; } .div-right-attr-casatema-use-internal { width: 49%; float: right; } }     Guarda Roupa Infantil Premium Marcella 242cm com Espelho 3 Portas 6 Gavetas Minastex Branco. O Guarda Roupa Infantil Premium Marcella 242cm \u00e9 o modelo perfeito para quem deseja organizar o quarto infantil com estilo. Com 3 portas e 6 gavetas, ele oferece amplo espa\u00e7o para roupas, brinquedos e acess\u00f3rios. O espelho integrado d\u00e1 um toque de sofistica\u00e7\u00e3o ao ambiente, enquanto as gavetas e portas garantem organiza\u00e7\u00e3o e funcionalidade. Ideal para quartos grandes, \u00e9 um guarda-roupa que une eleg\u00e2ncia, praticidade e durabilidade. O guarda-roupa oferece espa\u00e7o suficiente para um quarto infantil grande? Sim, ele \u00e9 ideal para quartos maiores, com amplo espa\u00e7o para organizar tudo. O espelho \u00e9 resistente e de boa qualidade? Sim, o espelho \u00e9 dur\u00e1vel e de alta qualidade, adequado para o uso di\u00e1rio.   Caracter\u00edsticasAmbiente PrincipalQuarto InfantilCor PredominanteBrancoCor do ProdutoBrancoCor do PuxadorCromadoEstiloModernoFormato do EspelhoRetangularGaveta com ChaveN\u00e3oLinha ou Cole\u00e7\u00e3oMarcellaMarcaEspresso M\u00f3veisModularN\u00e3oOrigem do ProdutoNacionalPeso M\u00e1ximo por Gaveta10.0Peso M\u00e1ximo por Prateleira5.0Possui CabideirosSimPossui Calceiros1Possui Espelho InternoN\u00e3oPossui EspelhosSimPossui GavetasSimPossui Organizador de GavetaN\u00e3oPossui PortasSimPossui PrateleirasSimPossui P\u00e9sN\u00e3oPossui SapateiraN\u00e3oQuantidade de Espelhos03 Espelhos com Tamanhos IguaisQuantidade de Gavetas06 GavetasQuantidade de Portas3 PortasQuantidade de Portas com Espelhos1 Porta com EspelhoQuantidade de Prateleiras11 PrateleirasTipo de Fixa\u00e7\u00e3o do EspelhoParafusosTipo de GavetaInternaTipo de Guarda-roupaCasalTipo de PortaCorrerTipo de Puxador da GavetaEmbutidoTipo de Puxador da PortaEmbutidoDocumentos AdicionaisManual de Montagem e Instala\u00e7\u00e3oClique aqui para acessarGarantiaGarantia03 MesesItens InclusosItens Inclusos1 Guarda Roupa, Kit Ferragens e Manual de MontagemMateriais e AcabamentosAcabamento da GavetaPinturaAcabamento da PortaPinturaAcabamento da PrateleiraPinturaEscala de BrilhoSemi-BrilhoEscala de Brilho da GavetaSemi-BrilhoEscala de Brilho da PortaSemi-BrilhoEscala de Brilho da PrateleiraSemi-BrilhoMaterial PrincipalMDPMaterial da GavetaMDPMaterial da PortaMDPMaterial da PrateleiraMDPMaterial do Puxador da PortaPl\u00e1sticoTipo de Corredi\u00e7a da GavetaMet\u00e1lica Telesc\u00f3picaTipo de Dobradi\u00e7a\/Corredi\u00e7a da PortaTelesc\u00f3picaMontagemComplexidade da MontagemAlta: deve ser montado por um montador especializadoNecessita MontagemSimRecomenda\u00e7\u00f5es de Uso, Manuten\u00e7\u00e3o e LimpezaLimpar com flanela limpa e seca. N\u00e3o usar produtos abrasivos.Sistema de MontagemParafusos e MinifixPesos e Dimens\u00f5esAltura (cm)218.0Espessura da Estrutura (mm)15.0Espessura das Portas (mm)15.0Espessura das Prateleiras (mm)15.0Espessura do Fundo (mm)3.0Espessura do Fundo das Gavetas (mm)3.0Largura (cm)242.0Peso (kg)196.0Profundidade (cm)55.0<\/p>\n<hr \/>\n<h4>Aproveite e pesquise o pre\u00e7o deste produto em dezenas de lojas dos marketplaces abaixo:<\/h4>\n<p><a href=\"https:\/\/www.magazinevoce.com.br\/magazineezu\/busca\/Guarda Roupa Infantil Premium Marcella 242cm com Espelho 3 Portas 6 Gavetas Minastex Branco\/\" target=\"_blank\" rel=\"noopener\"><img decoding=\"async\" src=\"https:\/\/bateroda.com.br\/marketplace\/logos\/magaezu.jpg\" alt=\"Pesquise no Magazine eZu\" \/> &#8211; Magazine eZu<\/a><\/p>\n<hr \/>\n<p><!-- START ADVERTISER: Webcontinental BR from awin.com --><\/p>\n<p><a href=\"https:\/\/www.awin1.com\/cread.php?awinmid=17743&#038;awinaffid=690303&#038;ued=https%3A%2F%2Fwww.webcontinental.com.br%2FGuarda Roupa Infantil Premium Marcella 242cm com Espelho 3 Portas 6 Gavetas Minastex Branco%3F_q%3DGuarda Roupa Infantil Premium Marcella 242cm com Espelho 3 Portas 6 Gavetas Minastex Branco%26map%3Dft\" rel=\"sponsored\"><img decoding=\"async\" src=\"https:\/\/lojawebcontinental.vtexassets.com\/arquivos\/logo-webcontinental-checkout.png\" border=\"0\" \/> &#8211; Loja Online.<\/a><\/p>\n<p><!-- END ADVERTISER: Webcontinental BR from awin.com --><\/p>\n","protected":false},"excerpt":{"rendered":"<p>R$ 2184.98 nas lojas <a href=\"https:\/\/www.awin1.com\/pclick.php?p=44999523721&#038;a=690303&#038;m=100453\" target=\"_blank\" rel=\"sponsored\">Casa Tema BR<\/a> <a class=\"more-link\" href=\"https:\/\/bonoro.com.br\/shop\/2026\/06\/guarda-roupa-infantil-premium-marcella-242cm-com-espelho-3-portas-6-gavetas-minastex-branco-r-2184-98\/\">\u2192<\/a><\/p>\n","protected":false},"author":1,"featured_media":0,"comment_status":"closed","ping_status":"closed","sticky":false,"template":"","format":"standard","meta":{"footnotes":""},"categories":[198],"tags":[12806,205,12805],"class_list":["post-256838","post","type-post","status-publish","format-standard","hentry","category-produtos","tag-2184-98","tag-casa-tema-br","tag-guarda-roupa-infantil-premium-marcella-242cm-com-espelho-3-portas-6-gavetas-minastex-branco"],"_links":{"self":[{"href":"https:\/\/bonoro.com.br\/shop\/wp-json\/wp\/v2\/posts\/256838","targetHints":{"allow":["GET"]}}],"collection":[{"href":"https:\/\/bonoro.com.br\/shop\/wp-json\/wp\/v2\/posts"}],"about":[{"href":"https:\/\/bonoro.com.br\/shop\/wp-json\/wp\/v2\/types\/post"}],"author":[{"embeddable":true,"href":"https:\/\/bonoro.com.br\/shop\/wp-json\/wp\/v2\/users\/1"}],"replies":[{"embeddable":true,"href":"https:\/\/bonoro.com.br\/shop\/wp-json\/wp\/v2\/comments?post=256838"}],"version-history":[{"count":0,"href":"https:\/\/bonoro.com.br\/shop\/wp-json\/wp\/v2\/posts\/256838\/revisions"}],"wp:attachment":[{"href":"https:\/\/bonoro.com.br\/shop\/wp-json\/wp\/v2\/media?parent=256838"}],"wp:term":[{"taxonomy":"category","embeddable":true,"href":"https:\/\/bonoro.com.br\/shop\/wp-json\/wp\/v2\/categories?post=256838"},{"taxonomy":"post_tag","embeddable":true,"href":"https:\/\/bonoro.com.br\/shop\/wp-json\/wp\/v2\/tags?post=256838"}],"curies":[{"name":"wp","href":"https:\/\/api.w.org\/{rel}","templated":true}]}}