{"id":256792,"date":"2026-06-29T18:35:00","date_gmt":"2026-06-29T18:35:00","guid":{"rendered":"https:\/\/bonoro.com.br\/shop\/2026\/06\/cadeira-infantil-sofia-madeira-macica-e-mdf-branco-mel-r-109-98\/"},"modified":"2026-06-29T18:35:00","modified_gmt":"2026-06-29T18:35:00","slug":"cadeira-infantil-sofia-madeira-macica-e-mdf-branco-mel-r-109-98","status":"publish","type":"post","link":"https:\/\/bonoro.com.br\/shop\/2026\/06\/cadeira-infantil-sofia-madeira-macica-e-mdf-branco-mel-r-109-98\/","title":{"rendered":"Cadeira Infantil Sofia Madeira Maci\u00e7a e MDF Branco\/Mel &#8211; R$ 109.98"},"content":{"rendered":"<h2><\/h2>\n<h3>Cadeira Infantil Sofia Madeira Maci\u00e7a e MDF Branco\/Mel teve o pre\u00e7o, no dia acima especificado, de <strong>R$ 109.98<\/strong>.<\/h3>\n<p>Confira o pre\u00e7o atual aqui: <a href=\"https:\/\/www.awin1.com\/cread.php?awinmid=100453&#038;awinaffid=690303&#038;ued=https:\/\/www.casatema.com.br\/cadeira-infantil-em-madeira-macica-sofia-branco-mel\/p?idsku=911992\" rel=\"sponsored\" target=\"_blank\"><img decoding=\"async\" src=\"https:\/\/ui.awin.com\/images\/upload\/merchant\/profile\/100453.png\" alt=\"Cadeira Infantil Sofia Madeira Maci\u00e7a e MDF Branco\/Mel\" \/> &#8211; nas lojas Casa Tema BR<\/a><\/p>\n<p><img decoding=\"async\" src=\"https:\/\/casatema.vteximg.com.br\/arquivos\/ids\/903027_2\" alt=\"Cadeira Infantil Sofia Madeira Maci\u00e7a e MDF Branco\/Mel\" \/><br \/>\nCadeira Infantil Sofia Madeira Maci\u00e7a e MDF Branco\/Mel  .body-casatema-use-internal { font-family: Arial, sans-serif; line-height: 1.6; } .container-casatema-use-internal { width: 80%; margin: 0 auto; padding: 20px; } .hx-casatema-use-internal { color: #333; } .ul-casatema-use-internal { list-style-type: none; padding: 0; } .li-casatema-use-internal { background: #f4f4f4; margin: 5px 0; padding: 10px; border-radius: 5px; } .highlight-casatema-use-internal { font-weight: bold; } .image-container-casatema-use-internal, .img-casatema-use-internal { width: 100%; height: auto; } \/* CSS para os atributos *\/ .table-attr-casatema-use-internal { border-spacing: 0px; width: 100%; } .table-attr-casatema-use-internal tr:nth-child(even) { background: #ffffff; } .table-attr-casatema-use-internal tr:nth-child(odd) { background: #dfede9; } .td-left-attr-casatema-use-internal { padding: 10px; width: 30%; font-weight: bold; } .td-right-attr-casatema-use-internal { padding: 10px; width: 70%; } .div-left-attr-casatema-use-internal { width: 100%; } .div-right-attr-casatema-use-internal { width: 100%; } .div-group-attr-casatema-use-internal { padding-bottom: 10px; } @media (min-width: 1224px) { .div-left-attr-casatema-use-internal { width: 49%; float: left; } .div-right-attr-casatema-use-internal { width: 49%; float: right; } }     Cadeira Infantil Sofia Madeira Maci\u00e7a e MDF Branco\/Mel. Estruturas em madeira maci\u00e7a de pinus com acabamento em verniz, pintura que preserva a cor natural do produto , as partes produzidas em MDF s\u00e3o laqueadas com brilho fosco Perfeita para compor um conjunto com nossa mesa infantil Sofia ou com nossa mesa escrivaninha infantil Sofia e por se tratar de um m\u00f3vel pequeno pode ser utilizado em qualquer espa\u00e7o da casa Estruturas em madeira maci\u00e7a de pinus com acabamento em verniz, pintura que preserva a cor natural do produto , as partes produzidas em MDF s\u00e3o laqueadas com brilho fosco   Caracter\u00edsticasAlmofada do AssentoFixaCorMel\/BrancoCor PredominanteBrancoCor do ProdutoBranco\/MelDobr\u00e1velN\u00e3oEstiloInfantilEstrutura do AssentoMDFEstrutura do EncostoMDFGirat\u00f3riaN\u00e3oLinha ou Cole\u00e7\u00e3oSofiaMarcaEmp\u00f3rio Para\u00edsoOrigem do ProdutoNacionalPossui Apoio para Bra\u00e7osN\u00e3oPossui Apoio para os P\u00e9sN\u00e3oPossui Assento\/Encosto EstofadosN\u00e3oPossui EspaldarN\u00e3oQuantidade de Itens1Suporta At\u00e9 (kg)80.0Tipo de AssentoFixoTipo de CertificadoFIRA\/FRQG C002:2016 + A1:2017Tipo de EncostoFixoDocumentos AdicionaisManual de Montagem e Instala\u00e7\u00e3oClique aqui para acessarGarantiaGarantia03 MesesItens InclusosItens Inclusos1 Cadeira e Kit FerragensMateriais e AcabamentosAcabamentoVernizAcabamento da EstruturaVernizApoio para Bra\u00e7os EstofadoN\u00e3oEscala de BrilhoFoscoMaterial PrincipalMDFMaterial da EstruturaMadeira Maci\u00e7aMaterial dos P\u00e9sMadeiraTipo de Madeira Maci\u00e7aPinusMontagemComplexidade da MontagemBaixa: pode ser montado por uma pessoa sozinhaNecessita MontagemSimRecomenda\u00e7\u00f5es de Uso, Manuten\u00e7\u00e3o e LimpezaLimpar com pano seco para retirar o p\u00f3. N\u00e3o aplicar produtos abrasivosSistema de MontagemParafusos, cavilhas, chave allenPesos e Dimens\u00f5esAltura (cm)57.5Altura do Assento at\u00e9 o Ch\u00e3o29.0Altura dos P\u00e9s29.0Dimens\u00f5es do Assento29,5&#215;29,5&#215;1,5 cmLargura (cm)29.0Peso (kg)3.1Profundidade (cm)31.0<\/p>\n<hr \/>\n<h4>Aproveite e pesquise o pre\u00e7o deste produto em dezenas de lojas dos marketplaces abaixo:<\/h4>\n<p><a href=\"https:\/\/www.magazinevoce.com.br\/magazineezu\/busca\/Cadeira Infantil Sofia Madeira Maci\u00e7a e MDF Branco\/Mel\/\" target=\"_blank\" rel=\"noopener\"><img decoding=\"async\" src=\"https:\/\/bateroda.com.br\/marketplace\/logos\/magaezu.jpg\" alt=\"Pesquise no Magazine eZu\" \/> &#8211; Magazine eZu<\/a><\/p>\n<hr \/>\n<p><!-- START ADVERTISER: Webcontinental BR from awin.com --><\/p>\n<p><a href=\"https:\/\/www.awin1.com\/cread.php?awinmid=17743&#038;awinaffid=690303&#038;ued=https%3A%2F%2Fwww.webcontinental.com.br%2FCadeira Infantil Sofia Madeira Maci\u00e7a e MDF Branco\/Mel%3F_q%3DCadeira Infantil Sofia Madeira Maci\u00e7a e MDF Branco\/Mel%26map%3Dft\" rel=\"sponsored\"><img decoding=\"async\" src=\"https:\/\/lojawebcontinental.vtexassets.com\/arquivos\/logo-webcontinental-checkout.png\" border=\"0\" \/> &#8211; Loja Online.<\/a><\/p>\n<p><!-- END ADVERTISER: Webcontinental BR from awin.com --><\/p>\n","protected":false},"excerpt":{"rendered":"<p>R$ 109.98 nas lojas <a href=\"https:\/\/www.awin1.com\/pclick.php?p=38605496853&#038;a=690303&#038;m=100453\" target=\"_blank\" rel=\"sponsored\">Casa Tema BR<\/a> <a class=\"more-link\" href=\"https:\/\/bonoro.com.br\/shop\/2026\/06\/cadeira-infantil-sofia-madeira-macica-e-mdf-branco-mel-r-109-98\/\">\u2192<\/a><\/p>\n","protected":false},"author":1,"featured_media":0,"comment_status":"closed","ping_status":"closed","sticky":false,"template":"","format":"standard","meta":{"footnotes":""},"categories":[198],"tags":[12736,12735,205],"class_list":["post-256792","post","type-post","status-publish","format-standard","hentry","category-produtos","tag-109-98","tag-cadeira-infantil-sofia-madeira-macica-e-mdf-branco-mel","tag-casa-tema-br"],"_links":{"self":[{"href":"https:\/\/bonoro.com.br\/shop\/wp-json\/wp\/v2\/posts\/256792","targetHints":{"allow":["GET"]}}],"collection":[{"href":"https:\/\/bonoro.com.br\/shop\/wp-json\/wp\/v2\/posts"}],"about":[{"href":"https:\/\/bonoro.com.br\/shop\/wp-json\/wp\/v2\/types\/post"}],"author":[{"embeddable":true,"href":"https:\/\/bonoro.com.br\/shop\/wp-json\/wp\/v2\/users\/1"}],"replies":[{"embeddable":true,"href":"https:\/\/bonoro.com.br\/shop\/wp-json\/wp\/v2\/comments?post=256792"}],"version-history":[{"count":0,"href":"https:\/\/bonoro.com.br\/shop\/wp-json\/wp\/v2\/posts\/256792\/revisions"}],"wp:attachment":[{"href":"https:\/\/bonoro.com.br\/shop\/wp-json\/wp\/v2\/media?parent=256792"}],"wp:term":[{"taxonomy":"category","embeddable":true,"href":"https:\/\/bonoro.com.br\/shop\/wp-json\/wp\/v2\/categories?post=256792"},{"taxonomy":"post_tag","embeddable":true,"href":"https:\/\/bonoro.com.br\/shop\/wp-json\/wp\/v2\/tags?post=256792"}],"curies":[{"name":"wp","href":"https:\/\/api.w.org\/{rel}","templated":true}]}}