{"id":256786,"date":"2026-06-29T21:25:23","date_gmt":"2026-06-29T21:25:23","guid":{"rendered":"https:\/\/bonoro.com.br\/shop\/2026\/06\/quarto-de-bebe-com-guarda-roupa-2-portas-comoda-e-berco-labirinto-rustico-branco-r-1454-74\/"},"modified":"2026-06-29T21:25:23","modified_gmt":"2026-06-29T21:25:23","slug":"quarto-de-bebe-com-guarda-roupa-2-portas-comoda-e-berco-labirinto-rustico-branco-r-1454-74","status":"publish","type":"post","link":"https:\/\/bonoro.com.br\/shop\/2026\/06\/quarto-de-bebe-com-guarda-roupa-2-portas-comoda-e-berco-labirinto-rustico-branco-r-1454-74\/","title":{"rendered":"Quarto de Beb\u00ea com Guarda-roupa 2 Portas C\u00f4moda e Ber\u00e7o Labirinto R\u00fastico\/Branco &#8211; R$ 1454.74"},"content":{"rendered":"<h2><\/h2>\n<h3>Quarto de Beb\u00ea com Guarda-roupa 2 Portas C\u00f4moda e Ber\u00e7o Labirinto R\u00fastico\/Branco teve o pre\u00e7o, no dia acima especificado, de <strong>R$ 1454.74<\/strong>.<\/h3>\n<p>Confira o pre\u00e7o atual aqui: <a href=\"https:\/\/www.awin1.com\/cread.php?awinmid=100453&#038;awinaffid=690303&#038;ued=https:\/\/www.casatema.com.br\/quarto-de-bebe-com-guarda-roupa-2-portas-comoda-e-berco-labirinto-rustico-branco\/p?idsku=914033\" rel=\"sponsored\" target=\"_blank\"><img decoding=\"async\" src=\"https:\/\/ui.awin.com\/images\/upload\/merchant\/profile\/100453.png\" alt=\"Quarto de Beb\u00ea com Guarda-roupa 2 Portas C\u00f4moda e Ber\u00e7o Labirinto R\u00fastico\/Branco\" \/> &#8211; nas lojas Casa Tema BR<\/a><\/p>\n<p><img decoding=\"async\" src=\"https:\/\/casatema.vteximg.com.br\/arquivos\/ids\/902461_2\" alt=\"Quarto de Beb\u00ea com Guarda-roupa 2 Portas C\u00f4moda e Ber\u00e7o Labirinto R\u00fastico\/Branco\" \/><br \/>\nQuarto de Beb\u00ea com Guarda-roupa 2 Portas C\u00f4moda e Ber\u00e7o Labirinto R\u00fastico\/Branco  .body-casatema-use-internal { font-family: Arial, sans-serif; line-height: 1.6; } .container-casatema-use-internal { width: 80%; margin: 0 auto; padding: 20px; } .hx-casatema-use-internal { color: #333; } .ul-casatema-use-internal { list-style-type: none; padding: 0; } .li-casatema-use-internal { background: #f4f4f4; margin: 5px 0; padding: 10px; border-radius: 5px; } .highlight-casatema-use-internal { font-weight: bold; } .image-container-casatema-use-internal, .img-casatema-use-internal { width: 100%; height: auto; } \/* CSS para os atributos *\/ .table-attr-casatema-use-internal { border-spacing: 0px; width: 100%; } .table-attr-casatema-use-internal tr:nth-child(even) { background: #ffffff; } .table-attr-casatema-use-internal tr:nth-child(odd) { background: #dfede9; } .td-left-attr-casatema-use-internal { padding: 10px; width: 30%; font-weight: bold; } .td-right-attr-casatema-use-internal { padding: 10px; width: 70%; } .div-left-attr-casatema-use-internal { width: 100%; } .div-right-attr-casatema-use-internal { width: 100%; } .div-group-attr-casatema-use-internal { padding-bottom: 10px; } @media (min-width: 1224px) { .div-left-attr-casatema-use-internal { width: 49%; float: left; } .div-right-attr-casatema-use-internal { width: 49%; float: right; } }     Quarto de Beb\u00ea com Guarda-roupa 2 Portas C\u00f4moda e Ber\u00e7o Labirinto R\u00fastico\/Branco. Transforme o quarto do seu beb\u00ea em um ambiente de Labirinto e seguran\u00e7a com o conjunto Labirinto. O ber\u00e7o possui duas posi\u00e7\u00f5es de regulagem de altura: Regulagem alta 51cm do ch\u00e3o at\u00e9 a parte de cima do Lastro e Mais Baixa 21,6cm, garantindo praticidade e conforto para a mam\u00e3e e o beb\u00ea. Sua pintura at\u00f3xica e grades fixas com bordas arredondadas oferecem a tranquilidade que os pais procuram. Al\u00e9m disso, a c\u00f4moda de 4 gavetas e o guarda-roupa de 2 portas e 2 gavetas com prateleiras externas e cabideiro de alum\u00ednio proporcionam organiza\u00e7\u00e3o e funcionalidade para o dia a dia. Proporcione ao seu beb\u00ea um espa\u00e7o acolhedor e cheio de Labirinto com o conjunto Labirinto.   Caracter\u00edsticasAmbiente PrincipalQuarto de Beb\u00eaCertificado INMETRO (c\u00f3digo)001.087\/2020CorR\u00fastico\/BrancoCor PredominanteBrancoCor do ProdutoR\u00fastico\/BrancoLinha ou Cole\u00e7\u00e3oLabirintoMarcaHennModularN\u00e3oOrigem do ProdutoNacionalPintura At\u00f3xicaSimPorta JaneladaN\u00e3oPossui PortasSimSuporta At\u00e9 (kg)50.0Outras caracter\u00edsticasPeso77Documentos AdicionaisManual de Montagem e Instala\u00e7\u00e3oClique aqui para acessarGarantiaGarantia03 MesesItens InclusosItens Inclusos1 Ber\u00e7o, 1 C\u00f4moda, 1 Guarda-roupa e Manual de MontagemMateriais e AcabamentosEscala de BrilhoBrilhanteMaterial PrincipalMDF\/MDPMontagemComplexidade da MontagemM\u00e9dia: pode ser montado por mais de uma pessoa e\/ou necessite de maior conhecimento para montagemNecessita MontagemSimRecomenda\u00e7\u00f5es de Uso, Manuten\u00e7\u00e3o e LimpezaRecomenda\u00e7\u00f5es de Uso, Manuten\u00e7\u00f5es e Limpeza: Para limpeza de seu m\u00f3vel, use uma flanela limpa e seca. N\u00e3o utilize produtos qu\u00edmicos que possam danificar o produto.Sistema de MontagemParafusos e CavilhasPesos e Dimens\u00f5esMedida de Cada Item (A x L x P) (novo)Ber\u00e7o: (AxLxP) 86,5cm X 132,5cm X 66cm, C\u00f4moda: (AxLxP) 80cm X 65cm X 41cm, Roupeiro: (AxLxP) 180cm X 80cm X 40cm<\/p>\n<hr \/>\n<h4>Aproveite e pesquise o pre\u00e7o deste produto em dezenas de lojas dos marketplaces abaixo:<\/h4>\n<p><a href=\"https:\/\/www.magazinevoce.com.br\/magazineezu\/busca\/Quarto de Beb\u00ea com Guarda-roupa 2 Portas C\u00f4moda e Ber\u00e7o Labirinto R\u00fastico\/Branco\/\" target=\"_blank\" rel=\"noopener\"><img decoding=\"async\" src=\"https:\/\/bateroda.com.br\/marketplace\/logos\/magaezu.jpg\" alt=\"Pesquise no Magazine eZu\" \/> &#8211; Magazine eZu<\/a><\/p>\n<hr \/>\n<p><!-- START ADVERTISER: Webcontinental BR from awin.com --><\/p>\n<p><a href=\"https:\/\/www.awin1.com\/cread.php?awinmid=17743&#038;awinaffid=690303&#038;ued=https%3A%2F%2Fwww.webcontinental.com.br%2FQuarto de Beb\u00ea com Guarda-roupa 2 Portas C\u00f4moda e Ber\u00e7o Labirinto R\u00fastico\/Branco%3F_q%3DQuarto de Beb\u00ea com Guarda-roupa 2 Portas C\u00f4moda e Ber\u00e7o Labirinto R\u00fastico\/Branco%26map%3Dft\" rel=\"sponsored\"><img decoding=\"async\" src=\"https:\/\/lojawebcontinental.vtexassets.com\/arquivos\/logo-webcontinental-checkout.png\" border=\"0\" \/> &#8211; Loja Online.<\/a><\/p>\n<p><!-- END ADVERTISER: Webcontinental BR from awin.com --><\/p>\n","protected":false},"excerpt":{"rendered":"<p>R$ 1454.74 nas lojas <a href=\"https:\/\/www.awin1.com\/pclick.php?p=44999523693&#038;a=690303&#038;m=100453\" target=\"_blank\" rel=\"sponsored\">Casa Tema BR<\/a> <a class=\"more-link\" href=\"https:\/\/bonoro.com.br\/shop\/2026\/06\/quarto-de-bebe-com-guarda-roupa-2-portas-comoda-e-berco-labirinto-rustico-branco-r-1454-74\/\">\u2192<\/a><\/p>\n","protected":false},"author":1,"featured_media":0,"comment_status":"closed","ping_status":"closed","sticky":false,"template":"","format":"standard","meta":{"footnotes":""},"categories":[198],"tags":[12727,205,12728],"class_list":["post-256786","post","type-post","status-publish","format-standard","hentry","category-produtos","tag-1454-74","tag-casa-tema-br","tag-quarto-de-bebe-com-guarda-roupa-2-portas-comoda-e-berco-labirinto-rustico-branco"],"_links":{"self":[{"href":"https:\/\/bonoro.com.br\/shop\/wp-json\/wp\/v2\/posts\/256786","targetHints":{"allow":["GET"]}}],"collection":[{"href":"https:\/\/bonoro.com.br\/shop\/wp-json\/wp\/v2\/posts"}],"about":[{"href":"https:\/\/bonoro.com.br\/shop\/wp-json\/wp\/v2\/types\/post"}],"author":[{"embeddable":true,"href":"https:\/\/bonoro.com.br\/shop\/wp-json\/wp\/v2\/users\/1"}],"replies":[{"embeddable":true,"href":"https:\/\/bonoro.com.br\/shop\/wp-json\/wp\/v2\/comments?post=256786"}],"version-history":[{"count":0,"href":"https:\/\/bonoro.com.br\/shop\/wp-json\/wp\/v2\/posts\/256786\/revisions"}],"wp:attachment":[{"href":"https:\/\/bonoro.com.br\/shop\/wp-json\/wp\/v2\/media?parent=256786"}],"wp:term":[{"taxonomy":"category","embeddable":true,"href":"https:\/\/bonoro.com.br\/shop\/wp-json\/wp\/v2\/categories?post=256786"},{"taxonomy":"post_tag","embeddable":true,"href":"https:\/\/bonoro.com.br\/shop\/wp-json\/wp\/v2\/tags?post=256786"}],"curies":[{"name":"wp","href":"https:\/\/api.w.org\/{rel}","templated":true}]}}