{"id":256719,"date":"2026-06-29T00:31:20","date_gmt":"2026-06-29T00:31:20","guid":{"rendered":"https:\/\/bonoro.com.br\/shop\/2026\/06\/kit-2-cadeiras-infantil-dalas-branco-r-377-76\/"},"modified":"2026-06-29T00:31:20","modified_gmt":"2026-06-29T00:31:20","slug":"kit-2-cadeiras-infantil-dalas-branco-r-377-76","status":"publish","type":"post","link":"https:\/\/bonoro.com.br\/shop\/2026\/06\/kit-2-cadeiras-infantil-dalas-branco-r-377-76\/","title":{"rendered":"Kit 2 Cadeiras Infantil Dalas Branco &#8211; R$ 377.76"},"content":{"rendered":"<h2><\/h2>\n<h3>Kit 2 Cadeiras Infantil Dalas Branco teve o pre\u00e7o, no dia acima especificado, de <strong>R$ 377.76<\/strong>.<\/h3>\n<p>Confira o pre\u00e7o atual aqui: <a href=\"https:\/\/www.awin1.com\/cread.php?awinmid=100453&#038;awinaffid=690303&#038;ued=https:\/\/www.casatema.com.br\/kit-2-cadeiras-infantil-dalas-branco\/p?idsku=907941\" rel=\"sponsored\" target=\"_blank\"><img decoding=\"async\" src=\"https:\/\/ui.awin.com\/images\/upload\/merchant\/profile\/100453.png\" alt=\"Kit 2 Cadeiras Infantil Dalas Branco\" \/> &#8211; nas lojas Casa Tema BR<\/a><\/p>\n<p><img decoding=\"async\" src=\"https:\/\/casatema.vteximg.com.br\/arquivos\/ids\/898629_2\" alt=\"Kit 2 Cadeiras Infantil Dalas Branco\" \/><br \/>\nKit 2 Cadeiras Infantil Dalas Branco  .body-casatema-use-internal { font-family: Arial, sans-serif; line-height: 1.6; } .container-casatema-use-internal { width: 80%; margin: 0 auto; padding: 20px; } .hx-casatema-use-internal { color: #333; } .ul-casatema-use-internal { list-style-type: none; padding: 0; } .li-casatema-use-internal { background: #f4f4f4; margin: 5px 0; padding: 10px; border-radius: 5px; } .highlight-casatema-use-internal { font-weight: bold; } .image-container-casatema-use-internal, .img-casatema-use-internal { width: 100%; height: auto; } \/* CSS para os atributos *\/ .table-attr-casatema-use-internal { border-spacing: 0px; width: 100%; } .table-attr-casatema-use-internal tr:nth-child(even) { background: #ffffff; } .table-attr-casatema-use-internal tr:nth-child(odd) { background: #dfede9; } .td-left-attr-casatema-use-internal { padding: 10px; width: 30%; font-weight: bold; } .td-right-attr-casatema-use-internal { padding: 10px; width: 70%; } .div-left-attr-casatema-use-internal { width: 100%; } .div-right-attr-casatema-use-internal { width: 100%; } .div-group-attr-casatema-use-internal { padding-bottom: 10px; } @media (min-width: 1224px) { .div-left-attr-casatema-use-internal { width: 49%; float: left; } .div-right-attr-casatema-use-internal { width: 49%; float: right; } }     Kit 2 Cadeiras Infantil Dalas Branco. A cadeira infantil desenvolvida pensando nos baixinhos, a mesma \u00e9 resistente permite que os pais possam participar das brincadeiras e aproveitar os momentos de divers\u00e3o e aprendizado ao lado de seus filhos. O produto feito em madeira e mdf, tem \u00f3timo acabamento laqueado, que permite combinar sua cor com demais itens de um ambiente infantil, deixando seu espa\u00e7o colorido e aconchegante.   Caracter\u00edsticasCor PredominanteBrancoCor do ProdutoBrancoCor dos P\u00e9sBrancoDesmont\u00e1velN\u00e3oDobr\u00e1velN\u00e3oEstiloTradicionalGirat\u00f3riaN\u00e3oLinha ou Cole\u00e7\u00e3oInfantilMarcaDEISSOrigem do ProdutoNacionalPossui Apoio para Bra\u00e7osN\u00e3oPossui Apoio para os P\u00e9sSimPossui Assento\/Encosto EstofadosN\u00e3oPossui EncostoSimPossui Rod\u00edziosN\u00e3o PossuiQuantidade de P\u00e9s4Suporta At\u00e9 (kg)60.0Tipo de AssentoFixoTipo de EncostoFixoDocumentos AdicionaisManual de Montagem e Instala\u00e7\u00e3oClique aqui para acessarGarantiaGarantia03 MesesMateriais e AcabamentosAcabamentoPUAcabamento da EstruturaPUApoio para Bra\u00e7os EstofadoN\u00e3oEscala de BrilhoSemi-FoscoMaterial PrincipalMadeira\/MDFMaterial da EstruturaMadeira Maci\u00e7aMaterial dos P\u00e9sMadeira Maci\u00e7aMontagemNecessita MontagemN\u00e3oRecomenda\u00e7\u00f5es de Uso, Manuten\u00e7\u00e3o e LimpezaPano levemente umedecido com \u00e1gua.Outras caracter\u00edsticasAmbiente PrincipalQuarto InfantilPesos e Dimens\u00f5esAltura (cm)60.5Altura do Assento at\u00e9 o Ch\u00e3o31.0Altura dos P\u00e9s28.0Largura (cm)35.0Peso (kg)4.0Profundidade (cm)35.0<\/p>\n<hr \/>\n<h4>Aproveite e pesquise o pre\u00e7o deste produto em dezenas de lojas dos marketplaces abaixo:<\/h4>\n<p><a href=\"https:\/\/www.magazinevoce.com.br\/magazineezu\/busca\/Kit 2 Cadeiras Infantil Dalas Branco\/\" target=\"_blank\" rel=\"noopener\"><img decoding=\"async\" src=\"https:\/\/bateroda.com.br\/marketplace\/logos\/magaezu.jpg\" alt=\"Pesquise no Magazine eZu\" \/> &#8211; Magazine eZu<\/a><\/p>\n<hr \/>\n<p><!-- START ADVERTISER: Webcontinental BR from awin.com --><\/p>\n<p><a href=\"https:\/\/www.awin1.com\/cread.php?awinmid=17743&#038;awinaffid=690303&#038;ued=https%3A%2F%2Fwww.webcontinental.com.br%2FKit 2 Cadeiras Infantil Dalas Branco%3F_q%3DKit 2 Cadeiras Infantil Dalas Branco%26map%3Dft\" rel=\"sponsored\"><img decoding=\"async\" src=\"https:\/\/lojawebcontinental.vtexassets.com\/arquivos\/logo-webcontinental-checkout.png\" border=\"0\" \/> &#8211; Loja Online.<\/a><\/p>\n<p><!-- END ADVERTISER: Webcontinental BR from awin.com --><\/p>\n","protected":false},"excerpt":{"rendered":"<p>R$ 377.76 nas lojas <a href=\"https:\/\/www.awin1.com\/pclick.php?p=38605496755&#038;a=690303&#038;m=100453\" target=\"_blank\" rel=\"sponsored\">Casa Tema BR<\/a> <a class=\"more-link\" href=\"https:\/\/bonoro.com.br\/shop\/2026\/06\/kit-2-cadeiras-infantil-dalas-branco-r-377-76\/\">\u2192<\/a><\/p>\n","protected":false},"author":1,"featured_media":0,"comment_status":"closed","ping_status":"closed","sticky":false,"template":"","format":"standard","meta":{"footnotes":""},"categories":[198],"tags":[11009,205,12626],"class_list":["post-256719","post","type-post","status-publish","format-standard","hentry","category-produtos","tag-377-76","tag-casa-tema-br","tag-kit-2-cadeiras-infantil-dalas-branco"],"_links":{"self":[{"href":"https:\/\/bonoro.com.br\/shop\/wp-json\/wp\/v2\/posts\/256719","targetHints":{"allow":["GET"]}}],"collection":[{"href":"https:\/\/bonoro.com.br\/shop\/wp-json\/wp\/v2\/posts"}],"about":[{"href":"https:\/\/bonoro.com.br\/shop\/wp-json\/wp\/v2\/types\/post"}],"author":[{"embeddable":true,"href":"https:\/\/bonoro.com.br\/shop\/wp-json\/wp\/v2\/users\/1"}],"replies":[{"embeddable":true,"href":"https:\/\/bonoro.com.br\/shop\/wp-json\/wp\/v2\/comments?post=256719"}],"version-history":[{"count":0,"href":"https:\/\/bonoro.com.br\/shop\/wp-json\/wp\/v2\/posts\/256719\/revisions"}],"wp:attachment":[{"href":"https:\/\/bonoro.com.br\/shop\/wp-json\/wp\/v2\/media?parent=256719"}],"wp:term":[{"taxonomy":"category","embeddable":true,"href":"https:\/\/bonoro.com.br\/shop\/wp-json\/wp\/v2\/categories?post=256719"},{"taxonomy":"post_tag","embeddable":true,"href":"https:\/\/bonoro.com.br\/shop\/wp-json\/wp\/v2\/tags?post=256719"}],"curies":[{"name":"wp","href":"https:\/\/api.w.org\/{rel}","templated":true}]}}