{"id":256345,"date":"2026-06-28T04:41:58","date_gmt":"2026-06-28T04:41:58","guid":{"rendered":"https:\/\/bonoro.com.br\/shop\/2026\/06\/guarda-roupa-de-bebe-2-portas-2-gavetas-com-cantoneira-baby-branco-r-649-98\/"},"modified":"2026-06-28T04:41:58","modified_gmt":"2026-06-28T04:41:58","slug":"guarda-roupa-de-bebe-2-portas-2-gavetas-com-cantoneira-baby-branco-r-649-98","status":"publish","type":"post","link":"https:\/\/bonoro.com.br\/shop\/2026\/06\/guarda-roupa-de-bebe-2-portas-2-gavetas-com-cantoneira-baby-branco-r-649-98\/","title":{"rendered":"Guarda-Roupa de Beb\u00ea 2 Portas 2 Gavetas com Cantoneira Baby Branco &#8211; R$ 649.98"},"content":{"rendered":"<h2><\/h2>\n<h3>Guarda-Roupa de Beb\u00ea 2 Portas 2 Gavetas com Cantoneira Baby Branco teve o pre\u00e7o, no dia acima especificado, de <strong>R$ 649.98<\/strong>.<\/h3>\n<p>Confira o pre\u00e7o atual aqui: <a href=\"https:\/\/www.awin1.com\/cread.php?awinmid=100453&#038;awinaffid=690303&#038;ued=https:\/\/www.casatema.com.br\/guarda-roupa-de-bebe-2-portas-2-gavetas-com-cantoneira-baby-branco\/p?idsku=282121\" rel=\"sponsored\" target=\"_blank\"><img decoding=\"async\" src=\"https:\/\/ui.awin.com\/images\/upload\/merchant\/profile\/100453.png\" alt=\"Guarda-Roupa de Beb\u00ea 2 Portas 2 Gavetas com Cantoneira Baby Branco\" \/> &#8211; nas lojas Casa Tema BR<\/a><\/p>\n<p><img decoding=\"async\" src=\"https:\/\/casatema.vteximg.com.br\/arquivos\/ids\/886497_2\" alt=\"Guarda-Roupa de Beb\u00ea 2 Portas 2 Gavetas com Cantoneira Baby Branco\" \/><br \/>\nGuarda-Roupa de Beb\u00ea 2 Portas 2 Gavetas com Cantoneira Baby Branco  .body-casatema-use-internal { font-family: Arial, sans-serif; line-height: 1.6; } .container-casatema-use-internal { width: 80%; margin: 0 auto; padding: 20px; } .hx-casatema-use-internal { color: #333; } .ul-casatema-use-internal { list-style-type: none; padding: 0; } .li-casatema-use-internal { background: #f4f4f4; margin: 5px 0; padding: 10px; border-radius: 5px; } .highlight-casatema-use-internal { font-weight: bold; } .image-container-casatema-use-internal, .img-casatema-use-internal { width: 100%; height: auto; } \/* CSS para os atributos *\/ .table-attr-casatema-use-internal { border-spacing: 0px; width: 100%; } .table-attr-casatema-use-internal tr:nth-child(even) { background: #ffffff; } .table-attr-casatema-use-internal tr:nth-child(odd) { background: #dfede9; } .td-left-attr-casatema-use-internal { padding: 10px; width: 30%; font-weight: bold; } .td-right-attr-casatema-use-internal { padding: 10px; width: 70%; } .div-left-attr-casatema-use-internal { width: 100%; } .div-right-attr-casatema-use-internal { width: 100%; } .div-group-attr-casatema-use-internal { padding-bottom: 10px; } @media (min-width: 1224px) { .div-left-attr-casatema-use-internal { width: 49%; float: left; } .div-right-attr-casatema-use-internal { width: 49%; float: right; } }     Guarda-Roupa de Beb\u00ea 2 Portas 2 Gavetas com Cantoneira Baby Branco. Guarda-Roupa de Beb\u00ea 2 Portas em MDP BP branco 15 mm (nas laterais e prateleiras), acabamento laca (15mm) nas portas e frentes de gaveta. Gavetas com corredi\u00e7a telesc\u00f3pica, dobradi\u00e7as met\u00e1licas. Indicado para quarto de beb\u00eas.!   Caracter\u00edsticasAmbienteQuartoAmbiente PrincipalQuartoCorBrancoCor InternaBrancoCor PredominanteBrancoCor da PortaBrancoCor do ProdutoBrancoEstiloCl\u00e1ssicoLinha ou Cole\u00e7\u00e3oBabyMarcaM\u00f3veis PercasaModularN\u00e3oOrigem do ProdutoNacionalPeso M\u00e1ximo por Gaveta4.0Peso M\u00e1ximo por Prateleira4.0Possui CabideirosSimPossui CalceirosN\u00e3oPossui EspelhosN\u00e3oPossui GavetasSimPossui Organizador de GavetaN\u00e3oPossui PortasSimPossui PrateleirasSimPossui P\u00e9sN\u00e3oQuantidade de Cabideiros01 CabideiroQuantidade de Gavetas02 GavetasQuantidade de Portas2 PortasQuantidade de Prateleiras05 PrateleirasSuporta At\u00e9 (kg)25.0Tipo de GavetaExternaTipo de Guarda-roupaBeb\u00eaTipo de PortaBaterTipo de Puxador da PortaExternoPesos e Dimens\u00f5esAltura (cm)186.0Espessura da Estrutura (mm)15.0Espessura das Portas (mm)15.0Espessura do Fundo (mm)3.0Espessura do Fundo das Gavetas (mm)3.0Largura (cm)89.0Peso (kg)50.2Peso Bruto (Kg)50.2Profundidade (cm)40.0Documentos AdicionaisManual de MontagemClique aqui para acessarGarantiaGarantia03 MesesItens InclusosItens Inclusos1 Guarda Roupa e Manual de Montagem.Materiais e AcabamentosAcabamentoBPAcabamento da GavetaFinish FoilAcabamento da PortaLacaAcabamento da PrateleiraFinish FoilEscala de BrilhoBrilhanteEscala de Brilho da GavetaBrilhanteEscala de Brilho da PrateleiraSemi-BrilhoMaterial PrincipalMDPMaterial da GavetaMDPMaterial da PortaMDPMaterial da PrateleiraMDPMaterial do Puxador da PortaPl\u00e1sticoTipo de Corredi\u00e7a da GavetaMet\u00e1lica Telesc\u00f3picaTipo de Dobradi\u00e7a\/Corredi\u00e7a da PortaTelesc\u00f3picaMontagemComplexidade da MontagemM\u00e9dia: pode ser montado por mais de uma pessoa e\/ou necessite de maior conhecimento para montagemNecessita MontagemSimRecomenda\u00e7\u00f5es de Uso, Manuten\u00e7\u00e3o e LimpezaRecomendado pano macio para limpezas do dia-a-dia, e pano \u00famido para tirar a poeira.Sistema de MontagemParafuso, cavilha, cantoneira e prego.Outras caracter\u00edsticasCor da PortaBrancoPeso (kg)50 kgPeso Bruto (Kg)50 kgPossui EspelhosN\u00e3oPossui PrateleirasSimQuantidade de Gavetas2Recursosatr_cantoneirasTonalidadeBranco<\/p>\n<hr \/>\n<h4>Aproveite e pesquise o pre\u00e7o deste produto em dezenas de lojas dos marketplaces abaixo:<\/h4>\n<p><a href=\"https:\/\/www.magazinevoce.com.br\/magazineezu\/busca\/Guarda-Roupa de Beb\u00ea 2 Portas 2 Gavetas com Cantoneira Baby Branco\/\" target=\"_blank\" rel=\"noopener\"><img decoding=\"async\" src=\"https:\/\/bateroda.com.br\/marketplace\/logos\/magaezu.jpg\" alt=\"Pesquise no Magazine eZu\" \/> &#8211; Magazine eZu<\/a><\/p>\n<hr \/>\n<p><!-- START ADVERTISER: Webcontinental BR from awin.com --><\/p>\n<p><a href=\"https:\/\/www.awin1.com\/cread.php?awinmid=17743&#038;awinaffid=690303&#038;ued=https%3A%2F%2Fwww.webcontinental.com.br%2FGuarda-Roupa de Beb\u00ea 2 Portas 2 Gavetas com Cantoneira Baby Branco%3F_q%3DGuarda-Roupa de Beb\u00ea 2 Portas 2 Gavetas com Cantoneira Baby Branco%26map%3Dft\" rel=\"sponsored\"><img decoding=\"async\" src=\"https:\/\/lojawebcontinental.vtexassets.com\/arquivos\/logo-webcontinental-checkout.png\" border=\"0\" \/> &#8211; Loja Online.<\/a><\/p>\n<p><!-- END ADVERTISER: Webcontinental BR from awin.com --><\/p>\n","protected":false},"excerpt":{"rendered":"<p>R$ 649.98 nas lojas <a href=\"https:\/\/www.awin1.com\/pclick.php?p=38605496055&#038;a=690303&#038;m=100453\" target=\"_blank\" rel=\"sponsored\">Casa Tema BR<\/a> <a class=\"more-link\" href=\"https:\/\/bonoro.com.br\/shop\/2026\/06\/guarda-roupa-de-bebe-2-portas-2-gavetas-com-cantoneira-baby-branco-r-649-98\/\">\u2192<\/a><\/p>\n","protected":false},"author":1,"featured_media":0,"comment_status":"closed","ping_status":"closed","sticky":false,"template":"","format":"standard","meta":{"footnotes":""},"categories":[198],"tags":[9686,205,12072],"class_list":["post-256345","post","type-post","status-publish","format-standard","hentry","category-produtos","tag-649-98","tag-casa-tema-br","tag-guarda-roupa-de-bebe-2-portas-2-gavetas-com-cantoneira-baby-branco"],"_links":{"self":[{"href":"https:\/\/bonoro.com.br\/shop\/wp-json\/wp\/v2\/posts\/256345","targetHints":{"allow":["GET"]}}],"collection":[{"href":"https:\/\/bonoro.com.br\/shop\/wp-json\/wp\/v2\/posts"}],"about":[{"href":"https:\/\/bonoro.com.br\/shop\/wp-json\/wp\/v2\/types\/post"}],"author":[{"embeddable":true,"href":"https:\/\/bonoro.com.br\/shop\/wp-json\/wp\/v2\/users\/1"}],"replies":[{"embeddable":true,"href":"https:\/\/bonoro.com.br\/shop\/wp-json\/wp\/v2\/comments?post=256345"}],"version-history":[{"count":0,"href":"https:\/\/bonoro.com.br\/shop\/wp-json\/wp\/v2\/posts\/256345\/revisions"}],"wp:attachment":[{"href":"https:\/\/bonoro.com.br\/shop\/wp-json\/wp\/v2\/media?parent=256345"}],"wp:term":[{"taxonomy":"category","embeddable":true,"href":"https:\/\/bonoro.com.br\/shop\/wp-json\/wp\/v2\/categories?post=256345"},{"taxonomy":"post_tag","embeddable":true,"href":"https:\/\/bonoro.com.br\/shop\/wp-json\/wp\/v2\/tags?post=256345"}],"curies":[{"name":"wp","href":"https:\/\/api.w.org\/{rel}","templated":true}]}}