{"id":256315,"date":"2026-06-27T08:26:05","date_gmt":"2026-06-27T08:26:05","guid":{"rendered":"https:\/\/bonoro.com.br\/shop\/2026\/06\/quarto-de-bebe-com-guarda-roupa-e-comoda-arco-iris-branco-azul-r-1049-98\/"},"modified":"2026-06-27T08:26:05","modified_gmt":"2026-06-27T08:26:05","slug":"quarto-de-bebe-com-guarda-roupa-e-comoda-arco-iris-branco-azul-r-1049-98","status":"publish","type":"post","link":"https:\/\/bonoro.com.br\/shop\/2026\/06\/quarto-de-bebe-com-guarda-roupa-e-comoda-arco-iris-branco-azul-r-1049-98\/","title":{"rendered":"Quarto de Beb\u00ea com Guarda-Roupa e C\u00f4moda Arco-\u00cdris Branco\/Azul &#8211; R$ 1049.98"},"content":{"rendered":"<h2><\/h2>\n<h3>Quarto de Beb\u00ea com Guarda-Roupa e C\u00f4moda Arco-\u00cdris Branco\/Azul teve o pre\u00e7o, no dia acima especificado, de <strong>R$ 1049.98<\/strong>.<\/h3>\n<p>Confira o pre\u00e7o atual aqui: <a href=\"https:\/\/www.awin1.com\/cread.php?awinmid=100453&#038;awinaffid=690303&#038;ued=https:\/\/www.casatema.com.br\/quarto-de-bebe-com-guarda-roupa-e-comoda-arco-iris-branco-azul\/p?idsku=376989\" rel=\"sponsored\" target=\"_blank\"><img decoding=\"async\" src=\"https:\/\/ui.awin.com\/images\/upload\/merchant\/profile\/100453.png\" alt=\"Quarto de Beb\u00ea com Guarda-Roupa e C\u00f4moda Arco-\u00cdris Branco\/Azul\" \/> &#8211; nas lojas Casa Tema BR<\/a><\/p>\n<p><img decoding=\"async\" src=\"https:\/\/casatema.vteximg.com.br\/arquivos\/ids\/885310_2\" alt=\"Quarto de Beb\u00ea com Guarda-Roupa e C\u00f4moda Arco-\u00cdris Branco\/Azul\" \/><br \/>\nQuarto de Beb\u00ea com Guarda-Roupa e C\u00f4moda Arco-\u00cdris Branco\/Azul  .body-casatema-use-internal { font-family: Arial, sans-serif; line-height: 1.6; } .container-casatema-use-internal { width: 80%; margin: 0 auto; padding: 20px; } .hx-casatema-use-internal { color: #333; } .ul-casatema-use-internal { list-style-type: none; padding: 0; } .li-casatema-use-internal { background: #f4f4f4; margin: 5px 0; padding: 10px; border-radius: 5px; } .highlight-casatema-use-internal { font-weight: bold; } .image-container-casatema-use-internal, .img-casatema-use-internal { width: 100%; height: auto; } \/* CSS para os atributos *\/ .table-attr-casatema-use-internal { border-spacing: 0px; width: 100%; } .table-attr-casatema-use-internal tr:nth-child(even) { background: #ffffff; } .table-attr-casatema-use-internal tr:nth-child(odd) { background: #dfede9; } .td-left-attr-casatema-use-internal { padding: 10px; width: 30%; font-weight: bold; } .td-right-attr-casatema-use-internal { padding: 10px; width: 70%; } .div-left-attr-casatema-use-internal { width: 100%; } .div-right-attr-casatema-use-internal { width: 100%; } .div-group-attr-casatema-use-internal { padding-bottom: 10px; } @media (min-width: 1224px) { .div-left-attr-casatema-use-internal { width: 49%; float: left; } .div-right-attr-casatema-use-internal { width: 49%; float: right; } }     Quarto de Beb\u00ea com Guarda-Roupa e C\u00f4moda Arco-\u00cdris Branco\/Azul. Guarda Roupa de Beb\u00ea 3 Portas 2 Gavetas em MDP BP branco 15 mm (nas laterais e prateleiras), acabamento laca nas portas e frentes de gaveta. Portas com dobradi\u00e7as met\u00e1licas\/Gavetas com corredi\u00e7a telesc\u00f3pica. Ideal para uso em quarto infantil ou de beb\u00ea. C\u00f4moda em MDP BP branco 15 mm (nas laterais e prateleiras), acabamento laca nas frentes de gaveta. Gavetas com corredi\u00e7a telesc\u00f3pica. Puxador na cor branca. Utilizada em quarto de beb\u00ea ou infantil. Puxador em formato de urso.   Caracter\u00edsticasAmbienteQuarto de Beb\u00eaAmbiente PrincipalQuarto de Beb\u00eaCapiton\u00eaN\u00e3oCorAzul\/BrancoCor PredominanteAzulCor do ProdutoBranco\/AzulLinha ou Cole\u00e7\u00e3oArco-\u00cdris MarcaEspresso M\u00f3veisO Conjunto Cont\u00e9mGuarda-Roupa\/C\u00f4modaOrigem do ProdutoNacionalPorta JaneladaN\u00e3oPossui CertificadoSimPossui GavetasSimPossui PortasSimGarantiaGarantia03 MesesMateriais e AcabamentosEscala de BrilhoBrilhanteMaterial PrincipalMDPMontagemComplexidade da MontagemM\u00e9dia: pode ser montado por mais de uma pessoa e\/ou necessite de maior conhecimento para montagemNecessita MontagemSimRecomenda\u00e7\u00f5es de Uso, Manuten\u00e7\u00e3o e LimpezaRecomendado pano macio para limpezas do dia-a-dia, e pano \u00famido para tirar a poeira. Sistema de MontagemParafusos e cavilhas.Outras caracter\u00edsticasPeso Bruto (Kg)80 kgTonalidadeBranco \/ AzulPesos e Dimens\u00f5esAltura do Conjunto81.5Profundidade do Conjunto133.0<\/p>\n<hr \/>\n<h4>Aproveite e pesquise o pre\u00e7o deste produto em dezenas de lojas dos marketplaces abaixo:<\/h4>\n<p><a href=\"https:\/\/www.magazinevoce.com.br\/magazineezu\/busca\/Quarto de Beb\u00ea com Guarda-Roupa e C\u00f4moda Arco-\u00cdris Branco\/Azul\/\" target=\"_blank\" rel=\"noopener\"><img decoding=\"async\" src=\"https:\/\/bateroda.com.br\/marketplace\/logos\/magaezu.jpg\" alt=\"Pesquise no Magazine eZu\" \/> &#8211; Magazine eZu<\/a><\/p>\n<hr \/>\n<p><!-- START ADVERTISER: Webcontinental BR from awin.com --><\/p>\n<p><a href=\"https:\/\/www.awin1.com\/cread.php?awinmid=17743&#038;awinaffid=690303&#038;ued=https%3A%2F%2Fwww.webcontinental.com.br%2FQuarto de Beb\u00ea com Guarda-Roupa e C\u00f4moda Arco-\u00cdris Branco\/Azul%3F_q%3DQuarto de Beb\u00ea com Guarda-Roupa e C\u00f4moda Arco-\u00cdris Branco\/Azul%26map%3Dft\" rel=\"sponsored\"><img decoding=\"async\" src=\"https:\/\/lojawebcontinental.vtexassets.com\/arquivos\/logo-webcontinental-checkout.png\" border=\"0\" \/> &#8211; Loja Online.<\/a><\/p>\n<p><!-- END ADVERTISER: Webcontinental BR from awin.com --><\/p>\n","protected":false},"excerpt":{"rendered":"<p>R$ 1049.98 nas lojas <a href=\"https:\/\/www.awin1.com\/pclick.php?p=38605495973&#038;a=690303&#038;m=100453\" target=\"_blank\" rel=\"sponsored\">Casa Tema BR<\/a> <a class=\"more-link\" href=\"https:\/\/bonoro.com.br\/shop\/2026\/06\/quarto-de-bebe-com-guarda-roupa-e-comoda-arco-iris-branco-azul-r-1049-98\/\">\u2192<\/a><\/p>\n","protected":false},"author":1,"featured_media":0,"comment_status":"closed","ping_status":"closed","sticky":false,"template":"","format":"standard","meta":{"footnotes":""},"categories":[198],"tags":[9969,205,12031],"class_list":["post-256315","post","type-post","status-publish","format-standard","hentry","category-produtos","tag-1049-98","tag-casa-tema-br","tag-quarto-de-bebe-com-guarda-roupa-e-comoda-arco-iris-branco-azul"],"_links":{"self":[{"href":"https:\/\/bonoro.com.br\/shop\/wp-json\/wp\/v2\/posts\/256315","targetHints":{"allow":["GET"]}}],"collection":[{"href":"https:\/\/bonoro.com.br\/shop\/wp-json\/wp\/v2\/posts"}],"about":[{"href":"https:\/\/bonoro.com.br\/shop\/wp-json\/wp\/v2\/types\/post"}],"author":[{"embeddable":true,"href":"https:\/\/bonoro.com.br\/shop\/wp-json\/wp\/v2\/users\/1"}],"replies":[{"embeddable":true,"href":"https:\/\/bonoro.com.br\/shop\/wp-json\/wp\/v2\/comments?post=256315"}],"version-history":[{"count":0,"href":"https:\/\/bonoro.com.br\/shop\/wp-json\/wp\/v2\/posts\/256315\/revisions"}],"wp:attachment":[{"href":"https:\/\/bonoro.com.br\/shop\/wp-json\/wp\/v2\/media?parent=256315"}],"wp:term":[{"taxonomy":"category","embeddable":true,"href":"https:\/\/bonoro.com.br\/shop\/wp-json\/wp\/v2\/categories?post=256315"},{"taxonomy":"post_tag","embeddable":true,"href":"https:\/\/bonoro.com.br\/shop\/wp-json\/wp\/v2\/tags?post=256315"}],"curies":[{"name":"wp","href":"https:\/\/api.w.org\/{rel}","templated":true}]}}