{"id":256164,"date":"2026-06-11T09:45:29","date_gmt":"2026-06-11T09:45:29","guid":{"rendered":"https:\/\/bonoro.com.br\/shop\/2026\/06\/quarto-de-bebe-com-berco-3-em-1-e-comoda-3-gavetas-1-porta-retro-theo-espresso-moveis-branco-jequitiba-hp-r-1296-02\/"},"modified":"2026-06-11T09:45:29","modified_gmt":"2026-06-11T09:45:29","slug":"quarto-de-bebe-com-berco-3-em-1-e-comoda-3-gavetas-1-porta-retro-theo-espresso-moveis-branco-jequitiba-hp-r-1296-02","status":"publish","type":"post","link":"https:\/\/bonoro.com.br\/shop\/2026\/06\/quarto-de-bebe-com-berco-3-em-1-e-comoda-3-gavetas-1-porta-retro-theo-espresso-moveis-branco-jequitiba-hp-r-1296-02\/","title":{"rendered":"Quarto de Beb\u00ea com Ber\u00e7o 3 em 1 e C\u00f4moda 3 Gavetas 1 Porta Retr\u00f4 Theo Espresso M\u00f3veis Branco\/Jequitib\u00e1 HP &#8211; R$ 1296.02"},"content":{"rendered":"<h2><\/h2>\n<h3>Quarto de Beb\u00ea com Ber\u00e7o 3 em 1 e C\u00f4moda 3 Gavetas 1 Porta Retr\u00f4 Theo Espresso M\u00f3veis Branco\/Jequitib\u00e1 HP teve o pre\u00e7o, no dia acima especificado, de <strong>R$ 1296.02<\/strong>.<\/h3>\n<p>Confira o pre\u00e7o atual aqui: <a href=\"https:\/\/www.awin1.com\/cread.php?awinmid=100453&#038;awinaffid=690303&#038;ued=https:\/\/www.casatema.com.br\/quarto-de-bebe-com-berco-3-em-1-e-comoda-3-gavetas-1-porta-retro-theo-espresso-moveis-branco-jequitiba-hp\/p?idsku=854894\" rel=\"sponsored\" target=\"_blank\"><img decoding=\"async\" src=\"https:\/\/ui.awin.com\/images\/upload\/merchant\/profile\/100453.png\" alt=\"Quarto de Beb\u00ea com Ber\u00e7o 3 em 1 e C\u00f4moda 3 Gavetas 1 Porta Retr\u00f4 Theo Espresso M\u00f3veis Branco\/Jequitib\u00e1 HP\" \/> &#8211; nas lojas Casa Tema BR<\/a><\/p>\n<p><img decoding=\"async\" src=\"https:\/\/casatema.vteximg.com.br\/arquivos\/ids\/881928_2\" alt=\"Quarto de Beb\u00ea com Ber\u00e7o 3 em 1 e C\u00f4moda 3 Gavetas 1 Porta Retr\u00f4 Theo Espresso M\u00f3veis Branco\/Jequitib\u00e1 HP\" \/><br \/>\nQuarto de Beb\u00ea com Ber\u00e7o 3 em 1 e C\u00f4moda 3 Gavetas 1 Porta Retr\u00f4 Theo Espresso M\u00f3veis Branco\/Jequitib\u00e1 HP  .body-casatema-use-internal { font-family: Arial, sans-serif; line-height: 1.6; } .container-casatema-use-internal { width: 80%; margin: 0 auto; padding: 20px; } .hx-casatema-use-internal { color: #333; } .ul-casatema-use-internal { list-style-type: none; padding: 0; } .li-casatema-use-internal { background: #f4f4f4; margin: 5px 0; padding: 10px; border-radius: 5px; } .highlight-casatema-use-internal { font-weight: bold; } .image-container-casatema-use-internal, .img-casatema-use-internal { width: 100%; height: auto; } \/* CSS para os atributos *\/ .table-attr-casatema-use-internal { border-spacing: 0px; width: 100%; } .table-attr-casatema-use-internal tr:nth-child(even) { background: #ffffff; } .table-attr-casatema-use-internal tr:nth-child(odd) { background: #dfede9; } .td-left-attr-casatema-use-internal { padding: 10px; width: 30%; font-weight: bold; } .td-right-attr-casatema-use-internal { padding: 10px; width: 70%; } .div-left-attr-casatema-use-internal { width: 100%; } .div-right-attr-casatema-use-internal { width: 100%; } .div-group-attr-casatema-use-internal { padding-bottom: 10px; } @media (min-width: 1224px) { .div-left-attr-casatema-use-internal { width: 49%; float: left; } .div-right-attr-casatema-use-internal { width: 49%; float: right; } }     Quarto de Beb\u00ea com Ber\u00e7o 3 em 1 e C\u00f4moda 3 Gavetas 1 Porta Retr\u00f4 Theo Espresso M\u00f3veis Branco\/Jequitib\u00e1 HP. Este lindo Quarto de Beb\u00ea completo Retr\u00f4 Theo re\u00fane conforto e qualidade, projetado para ter durabilidade por muitos anos. O Ber\u00e7o 3 em 1 \u00e9 fabricado com materiais de alt\u00edssima qualidade, pintura UV e moldura superior com acabamento arredondado, detalhes garantem um visual retr\u00f4, suas grades s\u00e3o fixas com pintura laqueada e bordas suavizadas para evitar acidentes, o lastro possui 2 regulagens de altura. Ber\u00e7o \u00e9 3 em 1, podendo ser utilizado como Ber\u00e7o-Cama e Mini cama. A C\u00f4moda possui design elegante, com 3 gavetas e 1 porta e 1 prateleira e 1 nicho, espa\u00e7o perfeito para organiza\u00e7\u00e3o desde roupas at\u00e9 acess\u00f3rios de seu beb\u00ea. As corredi\u00e7as telesc\u00f3picas, acabamento em pintura UV e detalhes como puxadores em madeira com pintura garantem a beleza e sofistica\u00e7\u00e3o que o quarto do seu beb\u00ea merece.   Caracter\u00edsticasAmbiente PrincipalQuarto de Beb\u00eaCapiton\u00eaN\u00e3oCertificado INMETRO (c\u00f3digo) 002114\/2023Cor PredominanteBrancoCor do ProdutoBranco\/Jequitib\u00e1 HPEstrado com Regulagem de AlturaSimInforma\u00e7\u00f5es Complementares (Novo)C\u00f4moda Theo (AxLxP) 104cm X 98cm X 43cm; Ber\u00e7o Theo (AxLxP) 104,5cm X 139cm X 78,5cm;Linha ou Cole\u00e7\u00e3oTheoMarcaEspresso M\u00f3veisO Conjunto Cont\u00e9mBer\u00e7o\/C\u00f4modaOrigem do ProdutoNacionalPintura At\u00f3xicaSimPorta JaneladaSimPossui CertificadoSimPossui GradeSimPossui PortasSimPossui Rod\u00edzioN\u00e3oSuporta At\u00e9 (kg)25.0Tamanho do Colch\u00e3o (LxC)070\u00d7130 Ber\u00e7o AmericanoDocumentos AdicionaisManual de Montagem e Instala\u00e7\u00e3oClique aqui para acessarGarantiaGarantia03 MesesItens InclusosItens Inclusos1 C\u00f4moda, 1 Ber\u00e7o, Kit Ferragens e Manual de MontagemMateriais e AcabamentosEscala de BrilhoFoscoMaterial PrincipalMDF\/MDPMaterial do Puxador da GavetaMadeiraMontagemComplexidade da MontagemAlta: deve ser montado por um montador especializadoNecessita MontagemSimRecomenda\u00e7\u00f5es de Uso, Manuten\u00e7\u00e3o e LimpezaRecomendamos para limpeza de seu m\u00f3vel, use uma flanela seca ou umedecida. N\u00e3o utilize produtos qu\u00edmicos.Sistema de MontagemParafusos, Cavilhas, Minifix e Pregos.Pesos e Dimens\u00f5esAltura do Conjunto200.0Largura do Conjunto139.0Medida de Cada Item (A x L x P) (novo)C\u00f4moda Theo (AxLxP) 104cm X 98cm X 43cm; Ber\u00e7o Theo (AxLxP) 104,5cm X 139cm X 78,5cm;Profundidade do Conjunto78.5<\/p>\n<hr \/>\n<h4>Aproveite e pesquise o pre\u00e7o deste produto em dezenas de lojas dos marketplaces abaixo:<\/h4>\n<p><a href=\"https:\/\/www.magazinevoce.com.br\/magazineezu\/busca\/Quarto de Beb\u00ea com Ber\u00e7o 3 em 1 e C\u00f4moda 3 Gavetas 1 Porta Retr\u00f4 Theo Espresso M\u00f3veis Branco\/Jequitib\u00e1 HP\/\" target=\"_blank\" rel=\"noopener\"><img decoding=\"async\" src=\"https:\/\/bateroda.com.br\/marketplace\/logos\/magaezu.jpg\" alt=\"Pesquise no Magazine eZu\" \/> &#8211; Magazine eZu<\/a><\/p>\n<hr \/>\n<p><!-- START ADVERTISER: Webcontinental BR from awin.com --><\/p>\n<p><a href=\"https:\/\/www.awin1.com\/cread.php?awinmid=17743&#038;awinaffid=690303&#038;ued=https%3A%2F%2Fwww.webcontinental.com.br%2FQuarto de Beb\u00ea com Ber\u00e7o 3 em 1 e C\u00f4moda 3 Gavetas 1 Porta Retr\u00f4 Theo Espresso M\u00f3veis Branco\/Jequitib\u00e1 HP%3F_q%3DQuarto de Beb\u00ea com Ber\u00e7o 3 em 1 e C\u00f4moda 3 Gavetas 1 Porta Retr\u00f4 Theo Espresso M\u00f3veis Branco\/Jequitib\u00e1 HP%26map%3Dft\" rel=\"sponsored\"><img decoding=\"async\" src=\"https:\/\/lojawebcontinental.vtexassets.com\/arquivos\/logo-webcontinental-checkout.png\" border=\"0\" \/> &#8211; Loja Online.<\/a><\/p>\n<p><!-- END ADVERTISER: Webcontinental BR from awin.com --><\/p>\n","protected":false},"excerpt":{"rendered":"<p>R$ 1296.02 nas lojas <a href=\"https:\/\/www.awin1.com\/pclick.php?p=38605495711&#038;a=690303&#038;m=100453\" target=\"_blank\" rel=\"sponsored\">Casa Tema BR<\/a> <a class=\"more-link\" href=\"https:\/\/bonoro.com.br\/shop\/2026\/06\/quarto-de-bebe-com-berco-3-em-1-e-comoda-3-gavetas-1-porta-retro-theo-espresso-moveis-branco-jequitiba-hp-r-1296-02\/\">\u2192<\/a><\/p>\n","protected":false},"author":1,"featured_media":0,"comment_status":"closed","ping_status":"closed","sticky":false,"template":"","format":"standard","meta":{"footnotes":""},"categories":[198],"tags":[11841,205,11840],"class_list":["post-256164","post","type-post","status-publish","format-standard","hentry","category-produtos","tag-1296-02","tag-casa-tema-br","tag-quarto-de-bebe-com-berco-3-em-1-e-comoda-3-gavetas-1-porta-retro-theo-espresso-moveis-branco-jequitiba-hp"],"_links":{"self":[{"href":"https:\/\/bonoro.com.br\/shop\/wp-json\/wp\/v2\/posts\/256164","targetHints":{"allow":["GET"]}}],"collection":[{"href":"https:\/\/bonoro.com.br\/shop\/wp-json\/wp\/v2\/posts"}],"about":[{"href":"https:\/\/bonoro.com.br\/shop\/wp-json\/wp\/v2\/types\/post"}],"author":[{"embeddable":true,"href":"https:\/\/bonoro.com.br\/shop\/wp-json\/wp\/v2\/users\/1"}],"replies":[{"embeddable":true,"href":"https:\/\/bonoro.com.br\/shop\/wp-json\/wp\/v2\/comments?post=256164"}],"version-history":[{"count":0,"href":"https:\/\/bonoro.com.br\/shop\/wp-json\/wp\/v2\/posts\/256164\/revisions"}],"wp:attachment":[{"href":"https:\/\/bonoro.com.br\/shop\/wp-json\/wp\/v2\/media?parent=256164"}],"wp:term":[{"taxonomy":"category","embeddable":true,"href":"https:\/\/bonoro.com.br\/shop\/wp-json\/wp\/v2\/categories?post=256164"},{"taxonomy":"post_tag","embeddable":true,"href":"https:\/\/bonoro.com.br\/shop\/wp-json\/wp\/v2\/tags?post=256164"}],"curies":[{"name":"wp","href":"https:\/\/api.w.org\/{rel}","templated":true}]}}