{"id":256107,"date":"2026-06-29T22:37:24","date_gmt":"2026-06-29T22:37:24","guid":{"rendered":"https:\/\/bonoro.com.br\/shop\/2026\/06\/cama-carro-para-quarto-infantil-solteiro-azul-r-422-07\/"},"modified":"2026-06-29T22:37:24","modified_gmt":"2026-06-29T22:37:24","slug":"cama-carro-para-quarto-infantil-solteiro-azul-r-422-07","status":"publish","type":"post","link":"https:\/\/bonoro.com.br\/shop\/2026\/06\/cama-carro-para-quarto-infantil-solteiro-azul-r-422-07\/","title":{"rendered":"Cama Carro para Quarto Infantil\/Solteiro Azul &#8211; R$ 422.07"},"content":{"rendered":"<h2><\/h2>\n<h3>Cama Carro para Quarto Infantil\/Solteiro Azul teve o pre\u00e7o, no dia acima especificado, de <strong>R$ 422.07<\/strong>.<\/h3>\n<p>Confira o pre\u00e7o atual aqui: <a href=\"https:\/\/www.awin1.com\/cread.php?awinmid=100453&#038;awinaffid=690303&#038;ued=https:\/\/www.casatema.com.br\/cama-carro-para-quarto-infantil-solteiro-azul\/p?idsku=852651\" rel=\"sponsored\" target=\"_blank\"><img decoding=\"async\" src=\"https:\/\/ui.awin.com\/images\/upload\/merchant\/profile\/100453.png\" alt=\"Cama Carro para Quarto Infantil\/Solteiro Azul\" \/> &#8211; nas lojas Casa Tema BR<\/a><\/p>\n<p><img decoding=\"async\" src=\"https:\/\/casatema.vteximg.com.br\/arquivos\/ids\/880626_2\" alt=\"Cama Carro para Quarto Infantil\/Solteiro Azul\" \/><br \/>\nCama Carro para Quarto Infantil\/Solteiro Azul  .body-casatema-use-internal { font-family: Arial, sans-serif; line-height: 1.6; } .container-casatema-use-internal { width: 80%; margin: 0 auto; padding: 20px; } .hx-casatema-use-internal { color: #333; } .ul-casatema-use-internal { list-style-type: none; padding: 0; } .li-casatema-use-internal { background: #f4f4f4; margin: 5px 0; padding: 10px; border-radius: 5px; } .highlight-casatema-use-internal { font-weight: bold; } .image-container-casatema-use-internal, .img-casatema-use-internal { width: 100%; height: auto; } \/* CSS para os atributos *\/ .table-attr-casatema-use-internal { border-spacing: 0px; width: 100%; } .table-attr-casatema-use-internal tr:nth-child(even) { background: #ffffff; } .table-attr-casatema-use-internal tr:nth-child(odd) { background: #dfede9; } .td-left-attr-casatema-use-internal { padding: 10px; width: 30%; font-weight: bold; } .td-right-attr-casatema-use-internal { padding: 10px; width: 70%; } .div-left-attr-casatema-use-internal { width: 100%; } .div-right-attr-casatema-use-internal { width: 100%; } .div-group-attr-casatema-use-internal { padding-bottom: 10px; } @media (min-width: 1224px) { .div-left-attr-casatema-use-internal { width: 49%; float: left; } .div-right-attr-casatema-use-internal { width: 49%; float: right; } }     Cama Carro para Quarto Infantil\/Solteiro Azul. Produto em MDF\/MDP \u2013 Produto para quem procura qualidade e conforto usando pouco espa\u00e7o. Garantia de comodidade, qualidade e muita divers\u00e3o para as noites de sono da garotada. Ideal para colch\u00f5es na medida 0,88X1,88. Utilizar pano seco na limpeza.   Caracter\u00edsticasAcompanha EscorregadorN\u00e3oAmbiente PrincipalQuarto InfantilCor PredominanteBrancoCor do ProdutoAzulLinha ou Cole\u00e7\u00e3oCarroMarcaGabrielli M\u00f3veisOrigem do ProdutoNacionalPermite a Utiliza\u00e7\u00e3o de Cama AuxiliarN\u00e3oPossui Ba\u00faN\u00e3oPossui CasinhaN\u00e3oPossui EscrivaninhaN\u00e3oPossui GavetasN\u00e3oPossui PortasN\u00e3oPossui PrateleirasN\u00e3oPossui P\u00e9sN\u00e3oPossui TelhadoN\u00e3oSuporta At\u00e9 (kg)100.0Tamanho do Colch\u00e3oSolteiroTamanho do Colch\u00e3o Indicado (L x C)88x188Tipo de EstradoFixoDocumentos AdicionaisManual de Montagem e Instala\u00e7\u00e3oClique aqui para acessarGarantiaGarantia03 MesesItens InclusosAcompanha Cama AuxiliarN\u00e3oAcompanha Colch\u00e3oN\u00e3oItens Inclusos1 Cama, kit ferragens e manual de montagemMateriais e AcabamentosAcabamentoPintura UVEscala de BrilhoSemi-BrilhoMaterial PrincipalMDF\/MDPMontagemComplexidade da MontagemM\u00e9dia: pode ser montado por mais de uma pessoa e\/ou necessite de maior conhecimento para montagemMontagem FlexN\u00e3oNecessita MontagemSimRecomenda\u00e7\u00f5es de Uso, Manuten\u00e7\u00e3o e LimpezaN\u00e3o molhar, n\u00e3o expor ao sol, limpar com pano seco.Sistema de MontagemParafusosOutras caracter\u00edsticasMaterial do EstradoSarrados e Ripas de pinusPesos e Dimens\u00f5esAltura (cm)45.0Altura do Estrado at\u00e9 o Ch\u00e3o12.5Comprimento (cm)188.0Largura (cm)92.0Peso (kg)25.6Profundidade (cm)194.0<\/p>\n<hr \/>\n<h4>Aproveite e pesquise o pre\u00e7o deste produto em dezenas de lojas dos marketplaces abaixo:<\/h4>\n<p><a href=\"https:\/\/www.magazinevoce.com.br\/magazineezu\/busca\/Cama Carro para Quarto Infantil\/Solteiro Azul\/\" target=\"_blank\" rel=\"noopener\"><img decoding=\"async\" src=\"https:\/\/bateroda.com.br\/marketplace\/logos\/magaezu.jpg\" alt=\"Pesquise no Magazine eZu\" \/> &#8211; Magazine eZu<\/a><\/p>\n<hr \/>\n<p><!-- START ADVERTISER: Webcontinental BR from awin.com --><\/p>\n<p><a href=\"https:\/\/www.awin1.com\/cread.php?awinmid=17743&#038;awinaffid=690303&#038;ued=https%3A%2F%2Fwww.webcontinental.com.br%2FCama Carro para Quarto Infantil\/Solteiro Azul%3F_q%3DCama Carro para Quarto Infantil\/Solteiro Azul%26map%3Dft\" rel=\"sponsored\"><img decoding=\"async\" src=\"https:\/\/lojawebcontinental.vtexassets.com\/arquivos\/logo-webcontinental-checkout.png\" border=\"0\" \/> &#8211; Loja Online.<\/a><\/p>\n<p><!-- END ADVERTISER: Webcontinental BR from awin.com --><\/p>\n","protected":false},"excerpt":{"rendered":"<p>R$ 422.07 nas lojas <a href=\"https:\/\/www.awin1.com\/pclick.php?p=44999523561&#038;a=690303&#038;m=100453\" target=\"_blank\" rel=\"sponsored\">Casa Tema BR<\/a> <a class=\"more-link\" href=\"https:\/\/bonoro.com.br\/shop\/2026\/06\/cama-carro-para-quarto-infantil-solteiro-azul-r-422-07\/\">\u2192<\/a><\/p>\n","protected":false},"author":1,"featured_media":0,"comment_status":"closed","ping_status":"closed","sticky":false,"template":"","format":"standard","meta":{"footnotes":""},"categories":[198],"tags":[11759,11758,205],"class_list":["post-256107","post","type-post","status-publish","format-standard","hentry","category-produtos","tag-422-07","tag-cama-carro-para-quarto-infantil-solteiro-azul","tag-casa-tema-br"],"_links":{"self":[{"href":"https:\/\/bonoro.com.br\/shop\/wp-json\/wp\/v2\/posts\/256107","targetHints":{"allow":["GET"]}}],"collection":[{"href":"https:\/\/bonoro.com.br\/shop\/wp-json\/wp\/v2\/posts"}],"about":[{"href":"https:\/\/bonoro.com.br\/shop\/wp-json\/wp\/v2\/types\/post"}],"author":[{"embeddable":true,"href":"https:\/\/bonoro.com.br\/shop\/wp-json\/wp\/v2\/users\/1"}],"replies":[{"embeddable":true,"href":"https:\/\/bonoro.com.br\/shop\/wp-json\/wp\/v2\/comments?post=256107"}],"version-history":[{"count":0,"href":"https:\/\/bonoro.com.br\/shop\/wp-json\/wp\/v2\/posts\/256107\/revisions"}],"wp:attachment":[{"href":"https:\/\/bonoro.com.br\/shop\/wp-json\/wp\/v2\/media?parent=256107"}],"wp:term":[{"taxonomy":"category","embeddable":true,"href":"https:\/\/bonoro.com.br\/shop\/wp-json\/wp\/v2\/categories?post=256107"},{"taxonomy":"post_tag","embeddable":true,"href":"https:\/\/bonoro.com.br\/shop\/wp-json\/wp\/v2\/tags?post=256107"}],"curies":[{"name":"wp","href":"https:\/\/api.w.org\/{rel}","templated":true}]}}