{"id":255892,"date":"2026-06-29T07:32:52","date_gmt":"2026-06-29T07:32:52","guid":{"rendered":"https:\/\/bonoro.com.br\/shop\/2026\/06\/quarto-de-bebe-completo-guarda-roupa-2-portas-2-gavetas-com-comoda-3-gavetas-1-nicho-nuvem-carvalho-branco-r-955-04\/"},"modified":"2026-06-29T07:32:52","modified_gmt":"2026-06-29T07:32:52","slug":"quarto-de-bebe-completo-guarda-roupa-2-portas-2-gavetas-com-comoda-3-gavetas-1-nicho-nuvem-carvalho-branco-r-955-04","status":"publish","type":"post","link":"https:\/\/bonoro.com.br\/shop\/2026\/06\/quarto-de-bebe-completo-guarda-roupa-2-portas-2-gavetas-com-comoda-3-gavetas-1-nicho-nuvem-carvalho-branco-r-955-04\/","title":{"rendered":"Quarto De Beb\u00ea Completo Guarda Roupa 2 Portas 2 Gavetas Com C\u00f4moda 3 Gavetas 1 Nicho Nuvem Carvalho\/Branco &#8211; R$ 955.04"},"content":{"rendered":"<h2><\/h2>\n<h3>Quarto De Beb\u00ea Completo Guarda Roupa 2 Portas 2 Gavetas Com C\u00f4moda 3 Gavetas 1 Nicho Nuvem Carvalho\/Branco teve o pre\u00e7o, no dia acima especificado, de <strong>R$ 955.04<\/strong>.<\/h3>\n<p>Confira o pre\u00e7o atual aqui: <a href=\"https:\/\/www.awin1.com\/cread.php?awinmid=100453&#038;awinaffid=690303&#038;ued=https:\/\/www.casatema.com.br\/quarto-de-bebe-completo-guarda-roupa-2-portas-2-gavetas-com-comoda-3-gavetas-1-nicho-nuvem-carvalho-branco\/p?idsku=781804\" rel=\"sponsored\" target=\"_blank\"><img decoding=\"async\" src=\"https:\/\/ui.awin.com\/images\/upload\/merchant\/profile\/100453.png\" alt=\"Quarto De Beb\u00ea Completo Guarda Roupa 2 Portas 2 Gavetas Com C\u00f4moda 3 Gavetas 1 Nicho Nuvem Carvalho\/Branco\" \/> &#8211; nas lojas Casa Tema BR<\/a><\/p>\n<p><img decoding=\"async\" src=\"https:\/\/casatema.vteximg.com.br\/arquivos\/ids\/873286_2\" alt=\"Quarto De Beb\u00ea Completo Guarda Roupa 2 Portas 2 Gavetas Com C\u00f4moda 3 Gavetas 1 Nicho Nuvem Carvalho\/Branco\" \/><br \/>\nQuarto De Beb\u00ea Completo Guarda Roupa 2 Portas 2 Gavetas Com C\u00f4moda 3 Gavetas 1 Nicho Nuvem Carvalho\/Branco  .body-casatema-use-internal { font-family: Arial, sans-serif; line-height: 1.6; } .container-casatema-use-internal { width: 80%; margin: 0 auto; padding: 20px; } .hx-casatema-use-internal { color: #333; } .ul-casatema-use-internal { list-style-type: none; padding: 0; } .li-casatema-use-internal { background: #f4f4f4; margin: 5px 0; padding: 10px; border-radius: 5px; } .highlight-casatema-use-internal { font-weight: bold; } .image-container-casatema-use-internal, .img-casatema-use-internal { width: 100%; height: auto; } \/* CSS para os atributos *\/ .table-attr-casatema-use-internal { border-spacing: 0px; width: 100%; } .table-attr-casatema-use-internal tr:nth-child(even) { background: #ffffff; } .table-attr-casatema-use-internal tr:nth-child(odd) { background: #dfede9; } .td-left-attr-casatema-use-internal { padding: 10px; width: 30%; font-weight: bold; } .td-right-attr-casatema-use-internal { padding: 10px; width: 70%; } .div-left-attr-casatema-use-internal { width: 100%; } .div-right-attr-casatema-use-internal { width: 100%; } .div-group-attr-casatema-use-internal { padding-bottom: 10px; } @media (min-width: 1224px) { .div-left-attr-casatema-use-internal { width: 49%; float: left; } .div-right-attr-casatema-use-internal { width: 49%; float: right; } }     Quarto De Beb\u00ea Completo Guarda Roupa 2 Portas 2 Gavetas Com C\u00f4moda 3 Gavetas 1 Nicho Nuvem Carvalho\/Branco. O Quarto de Beb\u00ea Retr\u00f4 Nuvem \u00e9 composto por um roupeiro de 2 portas e 2 gavetas, e uma comoda com 3 gavetas e um nicho na cor carvalho com branco. Os p\u00e9s s\u00e3o em madeiras, e as corredi\u00e7as s\u00e3o telesc\u00f3picas. Pode ser usado em um quarto amplo, ou em um menor.!   Caracter\u00edsticasAmbiente PrincipalQuarto de Beb\u00eaCor PredominanteMarromCor do ProdutoCarvalho\/BrancoLinha ou Cole\u00e7\u00e3oNuvemMarcaM\u00f3veis PercasaOrigem do ProdutoNacionalPintura At\u00f3xicaSimQuantidade de Itens2Tipo de Guarda-roupaBeb\u00eaPesos e Dimens\u00f5esAltura do Conjunto197.0Largura do Conjunto81.0Medida de Cada Item (A x L x P) (novo)Roupeiro &#8211; 197 cm x 81 cm x 45 cm &#8211; comoda &#8211; 88cm x 64 cm x 47 cmProfundidade do Conjunto47.0Documentos AdicionaisManual de Montagem e Instala\u00e7\u00e3oClique aqui para acessarGarantiaGarantia03 MesesItens InclusosItens Inclusos1 Guarda Roupa, 1 C\u00f4moda, Kit Ferragens e Manual de MontagemMateriais e AcabamentosEscala de BrilhoSemi-BrilhoMaterial PrincipalMDPMontagemComplexidade da MontagemM\u00e9dia: pode ser montado por mais de uma pessoa e\/ou necessite de maior conhecimento para montagemNecessita MontagemSimRecomenda\u00e7\u00f5es de Uso, Manuten\u00e7\u00e3o e Limpeza\u00c9 recomendado pano macio para limpezas do dia-a-dia, e pano \u00famido para tirar a poeira.Sistema de MontagemParafusos, cavilhas e pregos.<\/p>\n<hr \/>\n<h4>Aproveite e pesquise o pre\u00e7o deste produto em dezenas de lojas dos marketplaces abaixo:<\/h4>\n<p><a href=\"https:\/\/www.magazinevoce.com.br\/magazineezu\/busca\/Quarto De Beb\u00ea Completo Guarda Roupa 2 Portas 2 Gavetas Com C\u00f4moda 3 Gavetas 1 Nicho Nuvem Carvalho\/Branco\/\" target=\"_blank\" rel=\"noopener\"><img decoding=\"async\" src=\"https:\/\/bateroda.com.br\/marketplace\/logos\/magaezu.jpg\" alt=\"Pesquise no Magazine eZu\" \/> &#8211; Magazine eZu<\/a><\/p>\n<hr \/>\n<p><!-- START ADVERTISER: Webcontinental BR from awin.com --><\/p>\n<p><a href=\"https:\/\/www.awin1.com\/cread.php?awinmid=17743&#038;awinaffid=690303&#038;ued=https%3A%2F%2Fwww.webcontinental.com.br%2FQuarto De Beb\u00ea Completo Guarda Roupa 2 Portas 2 Gavetas Com C\u00f4moda 3 Gavetas 1 Nicho Nuvem Carvalho\/Branco%3F_q%3DQuarto De Beb\u00ea Completo Guarda Roupa 2 Portas 2 Gavetas Com C\u00f4moda 3 Gavetas 1 Nicho Nuvem Carvalho\/Branco%26map%3Dft\" rel=\"sponsored\"><img decoding=\"async\" src=\"https:\/\/lojawebcontinental.vtexassets.com\/arquivos\/logo-webcontinental-checkout.png\" border=\"0\" \/> &#8211; Loja Online.<\/a><\/p>\n<p><!-- END ADVERTISER: Webcontinental BR from awin.com --><\/p>\n","protected":false},"excerpt":{"rendered":"<p>R$ 955.04 nas lojas <a href=\"https:\/\/www.awin1.com\/pclick.php?p=38605495047&#038;a=690303&#038;m=100453\" target=\"_blank\" rel=\"sponsored\">Casa Tema BR<\/a> <a class=\"more-link\" href=\"https:\/\/bonoro.com.br\/shop\/2026\/06\/quarto-de-bebe-completo-guarda-roupa-2-portas-2-gavetas-com-comoda-3-gavetas-1-nicho-nuvem-carvalho-branco-r-955-04\/\">\u2192<\/a><\/p>\n","protected":false},"author":1,"featured_media":0,"comment_status":"closed","ping_status":"closed","sticky":false,"template":"","format":"standard","meta":{"footnotes":""},"categories":[198],"tags":[11463,205,11462],"class_list":["post-255892","post","type-post","status-publish","format-standard","hentry","category-produtos","tag-955-04","tag-casa-tema-br","tag-quarto-de-bebe-completo-guarda-roupa-2-portas-2-gavetas-com-comoda-3-gavetas-1-nicho-nuvem-carvalho-branco"],"_links":{"self":[{"href":"https:\/\/bonoro.com.br\/shop\/wp-json\/wp\/v2\/posts\/255892","targetHints":{"allow":["GET"]}}],"collection":[{"href":"https:\/\/bonoro.com.br\/shop\/wp-json\/wp\/v2\/posts"}],"about":[{"href":"https:\/\/bonoro.com.br\/shop\/wp-json\/wp\/v2\/types\/post"}],"author":[{"embeddable":true,"href":"https:\/\/bonoro.com.br\/shop\/wp-json\/wp\/v2\/users\/1"}],"replies":[{"embeddable":true,"href":"https:\/\/bonoro.com.br\/shop\/wp-json\/wp\/v2\/comments?post=255892"}],"version-history":[{"count":0,"href":"https:\/\/bonoro.com.br\/shop\/wp-json\/wp\/v2\/posts\/255892\/revisions"}],"wp:attachment":[{"href":"https:\/\/bonoro.com.br\/shop\/wp-json\/wp\/v2\/media?parent=255892"}],"wp:term":[{"taxonomy":"category","embeddable":true,"href":"https:\/\/bonoro.com.br\/shop\/wp-json\/wp\/v2\/categories?post=255892"},{"taxonomy":"post_tag","embeddable":true,"href":"https:\/\/bonoro.com.br\/shop\/wp-json\/wp\/v2\/tags?post=255892"}],"curies":[{"name":"wp","href":"https:\/\/api.w.org\/{rel}","templated":true}]}}