{"id":255769,"date":"2026-06-29T14:47:58","date_gmt":"2026-06-29T14:47:58","guid":{"rendered":"https:\/\/bonoro.com.br\/shop\/2026\/06\/mini-berco-100-mdf-com-colchao-yescasa-branco-ype-r-331-23\/"},"modified":"2026-06-29T14:47:58","modified_gmt":"2026-06-29T14:47:58","slug":"mini-berco-100-mdf-com-colchao-yescasa-branco-ype-r-331-23","status":"publish","type":"post","link":"https:\/\/bonoro.com.br\/shop\/2026\/06\/mini-berco-100-mdf-com-colchao-yescasa-branco-ype-r-331-23\/","title":{"rendered":"Mini Ber\u00e7o 100% MDF com Colch\u00e3o Yescasa Branco\/Yp\u00ea &#8211; R$ 331.23"},"content":{"rendered":"<h2><\/h2>\n<h3>Mini Ber\u00e7o 100% MDF com Colch\u00e3o Yescasa Branco\/Yp\u00ea teve o pre\u00e7o, no dia acima especificado, de <strong>R$ 331.23<\/strong>.<\/h3>\n<p>Confira o pre\u00e7o atual aqui: <a href=\"https:\/\/www.awin1.com\/cread.php?awinmid=100453&#038;awinaffid=690303&#038;ued=https:\/\/www.casatema.com.br\/mini-berco-100--mdf-com-colchao-yescasa-branco-ype\/p?idsku=692395\" rel=\"sponsored\" target=\"_blank\"><img decoding=\"async\" src=\"https:\/\/ui.awin.com\/images\/upload\/merchant\/profile\/100453.png\" alt=\"Mini Ber\u00e7o 100% MDF com Colch\u00e3o Yescasa Branco\/Yp\u00ea\" \/> &#8211; nas lojas Casa Tema BR<\/a><\/p>\n<p><img decoding=\"async\" src=\"https:\/\/casatema.vteximg.com.br\/arquivos\/ids\/868879_2\" alt=\"Mini Ber\u00e7o 100% MDF com Colch\u00e3o Yescasa Branco\/Yp\u00ea\" \/><br \/>\nMini Ber\u00e7o 100% MDF com Colch\u00e3o Yescasa Branco\/Yp\u00ea  .body-casatema-use-internal { font-family: Arial, sans-serif; line-height: 1.6; } .container-casatema-use-internal { width: 80%; margin: 0 auto; padding: 20px; } .hx-casatema-use-internal { color: #333; } .ul-casatema-use-internal { list-style-type: none; padding: 0; } .li-casatema-use-internal { background: #f4f4f4; margin: 5px 0; padding: 10px; border-radius: 5px; } .highlight-casatema-use-internal { font-weight: bold; } .image-container-casatema-use-internal, .img-casatema-use-internal { width: 100%; height: auto; } \/* CSS para os atributos *\/ .table-attr-casatema-use-internal { border-spacing: 0px; width: 100%; } .table-attr-casatema-use-internal tr:nth-child(even) { background: #ffffff; } .table-attr-casatema-use-internal tr:nth-child(odd) { background: #dfede9; } .td-left-attr-casatema-use-internal { padding: 10px; width: 30%; font-weight: bold; } .td-right-attr-casatema-use-internal { padding: 10px; width: 70%; } .div-left-attr-casatema-use-internal { width: 100%; } .div-right-attr-casatema-use-internal { width: 100%; } .div-group-attr-casatema-use-internal { padding-bottom: 10px; } @media (min-width: 1224px) { .div-left-attr-casatema-use-internal { width: 49%; float: left; } .div-right-attr-casatema-use-internal { width: 49%; float: right; } }     Mini Ber\u00e7o 100% MDF com Colch\u00e3o Yescasa Branco\/Yp\u00ea. O Mini Ber\u00e7o com Colch\u00e3o \u00e9 a escolha perfeita para acolher seu beb\u00ea com conforto e seguran\u00e7a nos primeiros meses de vida. Compacto e funcional, ele se adapta aos menores espa\u00e7os, facilitando o cuidado pr\u00f3ximo e pr\u00e1tico. Al\u00e9m disso, seu design delicado harmoniza com qualquer estilo de decora\u00e7\u00e3o, criando um ambiente acolhedor para o descanso do seu pequeno. Produzido 100% em MDF, possui estrutura resistente, design moderno e vers\u00e1til para quarto de beb\u00ea. A grade revestida em PVC oferece mais seguran\u00e7a, ventila\u00e7\u00e3o e acabamento suave para o dia a dia. O mini ber\u00e7o \u00e9 f\u00e1cil de montar? Sim, ele acompanha manual detalhado para montagem r\u00e1pida e pr\u00e1tica. Este ber\u00e7o tem rodas para movimenta\u00e7\u00e3o? Sim, possui rodas para facilitar o deslocamento pelo ambiente, sem comprometer a estabilidade.   Atributos em an\u00e1liseTonalidadeColoridoDocumentos AdicionaisManual de Montagem e Instala\u00e7\u00e3oClique aqui para acessarGarantiaGarantia03 MesesItens InclusosAcompanha Colch\u00e3oSimMateriais e AcabamentosAcabamentoPintura UVMaterial PrincipalMDFMaterial da GradeMDFMaterial do EstradoMDFMontagemComplexidade da MontagemM\u00e9dia: pode ser montado por mais de uma pessoa e\/ou necessite de maior conhecimento para montagemNecessita MontagemSimRecomenda\u00e7\u00f5es de Uso, Manuten\u00e7\u00e3o e LimpezaLimpeza com pano macio e levemente umedecido. N\u00e3o utilizar solventes a base de inflam\u00e1veis. N\u00e3o utilizar produtos abrasivos.Sistema de MontagemParafusos auto-atarrachantes e buchas americanas.Caracter\u00edsticasAmbienteQuarto de Beb\u00eaAmbiente PrincipalQuarto de Beb\u00eaCorBranco\/Yp\u00eaDensidade da EspumaD-18EstiloModernoEstrado com Regulagem de AlturaN\u00e3oInforma\u00e7\u00f5es Complementares (Novo)Miniber\u00e7o para uso, principalmente durante o resguardo, para beb\u00eas qua ainda n\u00e3o sentam, ajoelha e levantam sozinhas, pode ser levado de um ambiente ao outro sem a necessidade de desmontar. FAbricado em 100% MDF com sistema de fixa\u00e7\u00e3o por buchas americanaLinha ou Cole\u00e7\u00e3oYescasaMarcaYescasaPossui P\u00e9sN\u00e3oSuporta At\u00e9 (kg)30.0Tipo de Ber\u00e7oMini Ber\u00e7oTipo de EstradoRemov\u00edvelOutras caracter\u00edsticasTipo de GradeFixaPesos e Dimens\u00f5esAltura (cm)88.5Altura do Estrado at\u00e9 o Ch\u00e3o54.0Largura (cm)94.0Peso (kg)17.8Profundidade (cm)45.0<\/p>\n<hr \/>\n<h4>Aproveite e pesquise o pre\u00e7o deste produto em dezenas de lojas dos marketplaces abaixo:<\/h4>\n<p><a href=\"https:\/\/www.magazinevoce.com.br\/magazineezu\/busca\/Mini Ber\u00e7o 100% MDF com Colch\u00e3o Yescasa Branco\/Yp\u00ea\/\" target=\"_blank\" rel=\"noopener\"><img decoding=\"async\" src=\"https:\/\/bateroda.com.br\/marketplace\/logos\/magaezu.jpg\" alt=\"Pesquise no Magazine eZu\" \/> &#8211; Magazine eZu<\/a><\/p>\n<hr \/>\n<p><!-- START ADVERTISER: Webcontinental BR from awin.com --><\/p>\n<p><a href=\"https:\/\/www.awin1.com\/cread.php?awinmid=17743&#038;awinaffid=690303&#038;ued=https%3A%2F%2Fwww.webcontinental.com.br%2FMini Ber\u00e7o 100% MDF com Colch\u00e3o Yescasa Branco\/Yp\u00ea%3F_q%3DMini Ber\u00e7o 100% MDF com Colch\u00e3o Yescasa Branco\/Yp\u00ea%26map%3Dft\" rel=\"sponsored\"><img decoding=\"async\" src=\"https:\/\/lojawebcontinental.vtexassets.com\/arquivos\/logo-webcontinental-checkout.png\" border=\"0\" \/> &#8211; Loja Online.<\/a><\/p>\n<p><!-- END ADVERTISER: Webcontinental BR from awin.com --><\/p>\n","protected":false},"excerpt":{"rendered":"<p>R$ 331.23 nas lojas <a href=\"https:\/\/www.awin1.com\/pclick.php?p=38605494722&#038;a=690303&#038;m=100453\" target=\"_blank\" rel=\"sponsored\">Casa Tema BR<\/a> <a class=\"more-link\" href=\"https:\/\/bonoro.com.br\/shop\/2026\/06\/mini-berco-100-mdf-com-colchao-yescasa-branco-ype-r-331-23\/\">\u2192<\/a><\/p>\n","protected":false},"author":1,"featured_media":0,"comment_status":"closed","ping_status":"closed","sticky":false,"template":"","format":"standard","meta":{"footnotes":""},"categories":[198],"tags":[9541,205,11286],"class_list":["post-255769","post","type-post","status-publish","format-standard","hentry","category-produtos","tag-331-23","tag-casa-tema-br","tag-mini-berco-100-mdf-com-colchao-yescasa-branco-ype"],"_links":{"self":[{"href":"https:\/\/bonoro.com.br\/shop\/wp-json\/wp\/v2\/posts\/255769","targetHints":{"allow":["GET"]}}],"collection":[{"href":"https:\/\/bonoro.com.br\/shop\/wp-json\/wp\/v2\/posts"}],"about":[{"href":"https:\/\/bonoro.com.br\/shop\/wp-json\/wp\/v2\/types\/post"}],"author":[{"embeddable":true,"href":"https:\/\/bonoro.com.br\/shop\/wp-json\/wp\/v2\/users\/1"}],"replies":[{"embeddable":true,"href":"https:\/\/bonoro.com.br\/shop\/wp-json\/wp\/v2\/comments?post=255769"}],"version-history":[{"count":0,"href":"https:\/\/bonoro.com.br\/shop\/wp-json\/wp\/v2\/posts\/255769\/revisions"}],"wp:attachment":[{"href":"https:\/\/bonoro.com.br\/shop\/wp-json\/wp\/v2\/media?parent=255769"}],"wp:term":[{"taxonomy":"category","embeddable":true,"href":"https:\/\/bonoro.com.br\/shop\/wp-json\/wp\/v2\/categories?post=255769"},{"taxonomy":"post_tag","embeddable":true,"href":"https:\/\/bonoro.com.br\/shop\/wp-json\/wp\/v2\/tags?post=255769"}],"curies":[{"name":"wp","href":"https:\/\/api.w.org\/{rel}","templated":true}]}}