{"id":255695,"date":"2026-06-27T18:06:51","date_gmt":"2026-06-27T18:06:51","guid":{"rendered":"https:\/\/bonoro.com.br\/shop\/2026\/06\/bicama-infantil-com-modulo-lateral-branco-r-899-98\/"},"modified":"2026-06-27T18:06:51","modified_gmt":"2026-06-27T18:06:51","slug":"bicama-infantil-com-modulo-lateral-branco-r-899-98","status":"publish","type":"post","link":"https:\/\/bonoro.com.br\/shop\/2026\/06\/bicama-infantil-com-modulo-lateral-branco-r-899-98\/","title":{"rendered":"Bicama Infantil Com Modulo Lateral Branco &#8211; R$ 899.98"},"content":{"rendered":"<h2><\/h2>\n<h3>Bicama Infantil Com Modulo Lateral Branco teve o pre\u00e7o, no dia acima especificado, de <strong>R$ 899.98<\/strong>.<\/h3>\n<p>Confira o pre\u00e7o atual aqui: <a href=\"https:\/\/www.awin1.com\/cread.php?awinmid=100453&#038;awinaffid=690303&#038;ued=https:\/\/www.casatema.com.br\/bicama-infantil-com-modulo-lateral-branco\/p?idsku=683850\" rel=\"sponsored\" target=\"_blank\"><img decoding=\"async\" src=\"https:\/\/ui.awin.com\/images\/upload\/merchant\/profile\/100453.png\" alt=\"Bicama Infantil Com Modulo Lateral Branco\" \/> &#8211; nas lojas Casa Tema BR<\/a><\/p>\n<p><img decoding=\"async\" src=\"https:\/\/casatema.vteximg.com.br\/arquivos\/ids\/867586_2\" alt=\"Bicama Infantil Com Modulo Lateral Branco\" \/><br \/>\nBicama Infantil Com Modulo Lateral Branco  .body-casatema-use-internal { font-family: Arial, sans-serif; line-height: 1.6; } .container-casatema-use-internal { width: 80%; margin: 0 auto; padding: 20px; } .hx-casatema-use-internal { color: #333; } .ul-casatema-use-internal { list-style-type: none; padding: 0; } .li-casatema-use-internal { background: #f4f4f4; margin: 5px 0; padding: 10px; border-radius: 5px; } .highlight-casatema-use-internal { font-weight: bold; } .image-container-casatema-use-internal, .img-casatema-use-internal { width: 100%; height: auto; } \/* CSS para os atributos *\/ .table-attr-casatema-use-internal { border-spacing: 0px; width: 100%; } .table-attr-casatema-use-internal tr:nth-child(even) { background: #ffffff; } .table-attr-casatema-use-internal tr:nth-child(odd) { background: #dfede9; } .td-left-attr-casatema-use-internal { padding: 10px; width: 30%; font-weight: bold; } .td-right-attr-casatema-use-internal { padding: 10px; width: 70%; } .div-left-attr-casatema-use-internal { width: 100%; } .div-right-attr-casatema-use-internal { width: 100%; } .div-group-attr-casatema-use-internal { padding-bottom: 10px; } @media (min-width: 1224px) { .div-left-attr-casatema-use-internal { width: 49%; float: left; } .div-right-attr-casatema-use-internal { width: 49%; float: right; } }     Bicama Infantil Com Modulo Lateral Branco. A bicama \u00e9 uma \u00f3tima op\u00e7\u00e3o para quartos pequenos, pois permite acomodar duas pessoas. Possui 4 rod\u00edzios na cama de baixo permitindo rapidez e agilidade na movimenta\u00e7\u00e3o. O m\u00f3dulo lateral que acompanha a bicama, possui um compartimento ideal para guardar os itens mais utilizados. Sua porta de correr facilita o uso e deixa o ambiente mais organizado.   Atributos em an\u00e1liseTamanho do Colch\u00e3o Indicado Cama Auxiliar (L x C)88cmx188cmTonalidadeBrancoDocumentos AdicionaisManual de MontagemClique aqui para acessarGarantiaGarantia03 MesesItens InclusosAcompanha Cama AuxiliarSimAcompanha Colch\u00e3oN\u00e3oAcompanha DosselN\u00e3oCama Auxiliar Acompanha Colch\u00e3oN\u00e3oItens Inclusos1 bicama com m\u00f3dulo lateral, ferragens e manual de montagemMateriais e AcabamentosAcabamentoBPAcabamento da PortaBPEscala de BrilhoFoscoEscala de Brilho da PortaFoscoMaterial PrincipalMDPMaterial da PortaMDPMaterial do EstradoEucaliptoTipo de Dobradi\u00e7a\/Corredi\u00e7a da PortaPl\u00e1sticaMontagemComplexidade da MontagemM\u00e9dia: pode ser montado por mais de uma pessoa e\/ou necessite de maior conhecimento para montagemNecessita MontagemSimRecomenda\u00e7\u00f5es de Uso, Manuten\u00e7\u00e3o e LimpezaPano levemente umedecido com \u00e1lccol 70%Sistema de MontagemCavilhas, parafusos, pregos, minifixPesos e Dimens\u00f5esAltura (cm)80.0Altura do Estrado at\u00e9 o Ch\u00e3o3.0Largura (cm)193.0Peso (kg)37.5Peso Bruto (Kg)54.9Profundidade (cm)118.0Caracter\u00edsticasAmbienteQuarto InfantilAmbiente PrincipalQuarto InfantilCama Auxiliar Suporta At\u00e9 (kg)120.0Cama Auxiliar com Rod\u00edzioSimCor PredominanteBrancoCor do ProdutoBrancoEstiloModernoMarcaMOVELBRASOrigem do ProdutoNacionalPermite a Utiliza\u00e7\u00e3o de Cama AuxiliarSimPossui Ba\u00faN\u00e3oPossui GavetasN\u00e3oPossui PortasSimPossui PrateleirasN\u00e3oPossui P\u00e9sN\u00e3oRecursosCama AuxiliarSuporta At\u00e9 (kg)120.0Tamanho da CamaInfantilTamanho do Colch\u00e3oInfantilTamanho do Colch\u00e3o Indicado (L x C)88cmx188cmTipo de CamaBicamaTipo de EstradoFixoTipo de PortaCorrerTipo de Puxador da PortaEmbutidoOutras caracter\u00edsticasTamanho do Colch\u00e3oSolteiro<\/p>\n<hr \/>\n<h4>Aproveite e pesquise o pre\u00e7o deste produto em dezenas de lojas dos marketplaces abaixo:<\/h4>\n<p><a href=\"https:\/\/www.magazinevoce.com.br\/magazineezu\/busca\/Bicama Infantil Com Modulo Lateral Branco\/\" target=\"_blank\" rel=\"noopener\"><img decoding=\"async\" src=\"https:\/\/bateroda.com.br\/marketplace\/logos\/magaezu.jpg\" alt=\"Pesquise no Magazine eZu\" \/> &#8211; Magazine eZu<\/a><\/p>\n<hr \/>\n<p><!-- START ADVERTISER: Webcontinental BR from awin.com --><\/p>\n<p><a href=\"https:\/\/www.awin1.com\/cread.php?awinmid=17743&#038;awinaffid=690303&#038;ued=https%3A%2F%2Fwww.webcontinental.com.br%2FBicama Infantil Com Modulo Lateral Branco%3F_q%3DBicama Infantil Com Modulo Lateral Branco%26map%3Dft\" rel=\"sponsored\"><img decoding=\"async\" src=\"https:\/\/lojawebcontinental.vtexassets.com\/arquivos\/logo-webcontinental-checkout.png\" border=\"0\" \/> &#8211; Loja Online.<\/a><\/p>\n<p><!-- END ADVERTISER: Webcontinental BR from awin.com --><\/p>\n","protected":false},"excerpt":{"rendered":"<p>R$ 899.98 nas lojas <a href=\"https:\/\/www.awin1.com\/pclick.php?p=38605494592&#038;a=690303&#038;m=100453\" target=\"_blank\" rel=\"sponsored\">Casa Tema BR<\/a> <a class=\"more-link\" href=\"https:\/\/bonoro.com.br\/shop\/2026\/06\/bicama-infantil-com-modulo-lateral-branco-r-899-98\/\">\u2192<\/a><\/p>\n","protected":false},"author":1,"featured_media":0,"comment_status":"closed","ping_status":"closed","sticky":false,"template":"","format":"standard","meta":{"footnotes":""},"categories":[198],"tags":[10087,11187,205],"class_list":["post-255695","post","type-post","status-publish","format-standard","hentry","category-produtos","tag-899-98","tag-bicama-infantil-com-modulo-lateral-branco","tag-casa-tema-br"],"_links":{"self":[{"href":"https:\/\/bonoro.com.br\/shop\/wp-json\/wp\/v2\/posts\/255695","targetHints":{"allow":["GET"]}}],"collection":[{"href":"https:\/\/bonoro.com.br\/shop\/wp-json\/wp\/v2\/posts"}],"about":[{"href":"https:\/\/bonoro.com.br\/shop\/wp-json\/wp\/v2\/types\/post"}],"author":[{"embeddable":true,"href":"https:\/\/bonoro.com.br\/shop\/wp-json\/wp\/v2\/users\/1"}],"replies":[{"embeddable":true,"href":"https:\/\/bonoro.com.br\/shop\/wp-json\/wp\/v2\/comments?post=255695"}],"version-history":[{"count":0,"href":"https:\/\/bonoro.com.br\/shop\/wp-json\/wp\/v2\/posts\/255695\/revisions"}],"wp:attachment":[{"href":"https:\/\/bonoro.com.br\/shop\/wp-json\/wp\/v2\/media?parent=255695"}],"wp:term":[{"taxonomy":"category","embeddable":true,"href":"https:\/\/bonoro.com.br\/shop\/wp-json\/wp\/v2\/categories?post=255695"},{"taxonomy":"post_tag","embeddable":true,"href":"https:\/\/bonoro.com.br\/shop\/wp-json\/wp\/v2\/tags?post=255695"}],"curies":[{"name":"wp","href":"https:\/\/api.w.org\/{rel}","templated":true}]}}