{"id":255602,"date":"2026-06-29T07:06:39","date_gmt":"2026-06-29T07:06:39","guid":{"rendered":"https:\/\/bonoro.com.br\/shop\/2026\/06\/quarto-de-bebe-com-guarda-roupa-3-portas-comoda-e-berco-faz-de-conta-espresso-moveis-rustico-branco-r-1595-52\/"},"modified":"2026-06-29T07:06:39","modified_gmt":"2026-06-29T07:06:39","slug":"quarto-de-bebe-com-guarda-roupa-3-portas-comoda-e-berco-faz-de-conta-espresso-moveis-rustico-branco-r-1595-52","status":"publish","type":"post","link":"https:\/\/bonoro.com.br\/shop\/2026\/06\/quarto-de-bebe-com-guarda-roupa-3-portas-comoda-e-berco-faz-de-conta-espresso-moveis-rustico-branco-r-1595-52\/","title":{"rendered":"Quarto de Beb\u00ea com Guarda-Roupa 3 Portas C\u00f4moda e Ber\u00e7o Faz de Conta Espresso M\u00f3veis R\u00fastico\/Branco &#8211; R$ 1595.52"},"content":{"rendered":"<h2><\/h2>\n<h3>Quarto de Beb\u00ea com Guarda-Roupa 3 Portas C\u00f4moda e Ber\u00e7o Faz de Conta Espresso M\u00f3veis R\u00fastico\/Branco teve o pre\u00e7o, no dia acima especificado, de <strong>R$ 1595.52<\/strong>.<\/h3>\n<p>Confira o pre\u00e7o atual aqui: <a href=\"https:\/\/www.awin1.com\/cread.php?awinmid=100453&#038;awinaffid=690303&#038;ued=https:\/\/www.casatema.com.br\/quarto-de-bebe-com-guarda-roupa-3-portas-comoda-e-berco-faz-de-conta-espresso-moveis-rustico-branco\/p?idsku=517184\" rel=\"sponsored\" target=\"_blank\"><img decoding=\"async\" src=\"https:\/\/ui.awin.com\/images\/upload\/merchant\/profile\/100453.png\" alt=\"Quarto de Beb\u00ea com Guarda-Roupa 3 Portas C\u00f4moda e Ber\u00e7o Faz de Conta Espresso M\u00f3veis R\u00fastico\/Branco\" \/> &#8211; nas lojas Casa Tema BR<\/a><\/p>\n<p><img decoding=\"async\" src=\"https:\/\/casatema.vteximg.com.br\/arquivos\/ids\/866064_2\" alt=\"Quarto de Beb\u00ea com Guarda-Roupa 3 Portas C\u00f4moda e Ber\u00e7o Faz de Conta Espresso M\u00f3veis R\u00fastico\/Branco\" \/><br \/>\nQuarto de Beb\u00ea com Guarda-Roupa 3 Portas C\u00f4moda e Ber\u00e7o Faz de Conta Espresso M\u00f3veis R\u00fastico\/Branco  .body-casatema-use-internal { font-family: Arial, sans-serif; line-height: 1.6; } .container-casatema-use-internal { width: 80%; margin: 0 auto; padding: 20px; } .hx-casatema-use-internal { color: #333; } .ul-casatema-use-internal { list-style-type: none; padding: 0; } .li-casatema-use-internal { background: #f4f4f4; margin: 5px 0; padding: 10px; border-radius: 5px; } .highlight-casatema-use-internal { font-weight: bold; } .image-container-casatema-use-internal, .img-casatema-use-internal { width: 100%; height: auto; } \/* CSS para os atributos *\/ .table-attr-casatema-use-internal { border-spacing: 0px; width: 100%; } .table-attr-casatema-use-internal tr:nth-child(even) { background: #ffffff; } .table-attr-casatema-use-internal tr:nth-child(odd) { background: #dfede9; } .td-left-attr-casatema-use-internal { padding: 10px; width: 30%; font-weight: bold; } .td-right-attr-casatema-use-internal { padding: 10px; width: 70%; } .div-left-attr-casatema-use-internal { width: 100%; } .div-right-attr-casatema-use-internal { width: 100%; } .div-group-attr-casatema-use-internal { padding-bottom: 10px; } @media (min-width: 1224px) { .div-left-attr-casatema-use-internal { width: 49%; float: left; } .div-right-attr-casatema-use-internal { width: 49%; float: right; } }     Quarto de Beb\u00ea com Guarda-Roupa 3 Portas C\u00f4moda e Ber\u00e7o Faz de Conta Espresso M\u00f3veis R\u00fastico\/Branco. Esse lindo Conjunto de Quarto Infantil \u00e9 tudo o que voc\u00ea pediu em um \u00fanico ambiente. Toda essa combina\u00e7\u00e3o foi pensada para que este conjunto permane\u00e7a em sua casa por muitos anos acompanhando o crescimento de seus pequenos. O Roupeiro Faz de Conta possui 3 portas e 2 Gavetas externas com corredi\u00e7as met\u00e1licas que permite um deslize mais seguro e suave, produzido em MDP e pintura UV, interno no padr\u00e3o Trama, que imita tecido, proporcionando mais aconchego ao ambiente. Excelente divis\u00e3o interna, com cabideiro resistente para melhor organiza\u00e7\u00e3o das roupas, puxadores em ABS. O Roupeiro Bala de Menta \u00e9 flex, com dupla op\u00e7\u00e3o de cor, podendo ser todo Branco ou Branco\/Rosa-ch\u00e1, ele \u00e9 perfeito para tornar o ambiente do seu filho ainda mais lindo e aconchegante. A C\u00f4moda Faz de Conta possui 05 gavetas com corredi\u00e7as met\u00e1licas, que permite um deslize mais seguro e suave, amplo espa\u00e7o para acomodar as roupas e objetos do beb\u00ea. Produzido em MDP e pintura UV, que protege o m\u00f3vel e assegura sua qualidade e resist\u00eancia. Compacta, pode ser utilizada tanto em ambientes pequenos quanto em amplos. O Ber\u00e7o Mini Cama traz todo o conforto e a seguran\u00e7a que seu beb\u00ea precisa para dormir tranquilo. Produzido em MDP, a sustenta\u00e7\u00e3o possui revestimento interno e externo com pintura UV, esse revestimento assegura durabilidade ao m\u00f3vel. Al\u00e9m de suas funcionalidades como, estrado com regulagem de altura, mosquiteiro, o ber\u00e7o se transforma em Sof\u00e1-cama e Mini-cama. Desta forma voc\u00ea possui 3 m\u00f3veis em 1 e acompanha todas as fases do seu filho. Ideal para colch\u00e3o de 0,60cm. A seguran\u00e7a tamb\u00e9m \u00e9 outro destaque, pois est\u00e1 certificado e aprovado pelo Inmetro.   Caracter\u00edsticasAmbiente PrincipalQuarto de Beb\u00eaCapiton\u00eaN\u00e3oCertificado INMETRO (c\u00f3digo)009.196\/2014CorBranco\/R\u00fasticoCor PredominanteBrancoCor do ProdutoR\u00fastico\/BrancoEstiloCl\u00e1ssicoInforma\u00e7\u00f5es ComplementaresMedida de Colch\u00e3o Indicada para o Ber\u00e7o: 130cm x 60cmInforma\u00e7\u00f5es Complementares (Novo)Medida de Colch\u00e3o Indicada para o Ber\u00e7o: 130cm x 60cmLinha ou Cole\u00e7\u00e3oFaz de ContaMarcaEspresso M\u00f3veisO Conjunto Cont\u00e9mBer\u00e7o\/Guarda-Roupa\/C\u00f4modaOrigem do ProdutoNacionalPossui CertificadoSimPossui GavetasSimPossui PortasSimPossui PrateleirasSimQuantidade de Gavetas07 GavetasQuantidade de Prateleiras04 PrateleirasTipo de Guarda-roupaBeb\u00eaTipo de Puxador da GavetaExternoTipo de Puxador da PortaExternoPesos e Dimens\u00f5esMedida de Cada Item (A x L x P) (novo)Guarda Roupa: 180,5cm x 91cm x 40cm; Ber\u00e7o: 101,5cm x 132,7cm x 68cm Ber\u00e7o com o suporte para mosquiteiro: 148,7cm x 132,7cm x 68cm C\u00f4moda: 93cm x 75cm x 40cmPeso de Cada Item51 kgDocumentos AdicionaisManual de Montagem e Instala\u00e7\u00e3oClique aqui para acessarGarantiaGarantia03 MesesItens InclusosItens Inclusos1 Guarda Roupa Infantil, 1 Ber\u00e7o, 1 C\u00f4moda e Manual de Montagem.Materiais e AcabamentosEscala de BrilhoBrilhanteMaterial PrincipalMDP\/MDFMaterial da GavetaMDPMaterial da PortaMDPMaterial da PrateleiraMDPMaterial do Puxador da GavetaABSMaterial do Puxador da PortaAlum\u00ednioTipo de Corredi\u00e7a da GavetaMet\u00e1licaTipo de Dobradi\u00e7a\/Corredi\u00e7a da PortaMet\u00e1licaMontagemComplexidade da MontagemAlta: deve ser montado por um montador especializadoMontagem FlexO ber\u00e7o tamb\u00e9m pode ser montado em uma Mini-Cama.Necessita MontagemSimRecomenda\u00e7\u00f5es de Uso, Manuten\u00e7\u00e3o e LimpezaPara limpeza de seu m\u00f3vel, use uma flanela seca ou umedecida. N\u00e3o utilize produtos qu\u00edmicos que possam danificar o produto. Sistema de MontagemParafusos e CavilhasOutras caracter\u00edsticasPeso Bruto (Kg)115 kg<\/p>\n<hr \/>\n<h4>Aproveite e pesquise o pre\u00e7o deste produto em dezenas de lojas dos marketplaces abaixo:<\/h4>\n<p><a href=\"https:\/\/www.magazinevoce.com.br\/magazineezu\/busca\/Quarto de Beb\u00ea com Guarda-Roupa 3 Portas C\u00f4moda e Ber\u00e7o Faz de Conta Espresso M\u00f3veis R\u00fastico\/Branco\/\" target=\"_blank\" rel=\"noopener\"><img decoding=\"async\" src=\"https:\/\/bateroda.com.br\/marketplace\/logos\/magaezu.jpg\" alt=\"Pesquise no Magazine eZu\" \/> &#8211; Magazine eZu<\/a><\/p>\n<hr \/>\n<p><!-- START ADVERTISER: Webcontinental BR from awin.com --><\/p>\n<p><a href=\"https:\/\/www.awin1.com\/cread.php?awinmid=17743&#038;awinaffid=690303&#038;ued=https%3A%2F%2Fwww.webcontinental.com.br%2FQuarto de Beb\u00ea com Guarda-Roupa 3 Portas C\u00f4moda e Ber\u00e7o Faz de Conta Espresso M\u00f3veis R\u00fastico\/Branco%3F_q%3DQuarto de Beb\u00ea com Guarda-Roupa 3 Portas C\u00f4moda e Ber\u00e7o Faz de Conta Espresso M\u00f3veis R\u00fastico\/Branco%26map%3Dft\" rel=\"sponsored\"><img decoding=\"async\" src=\"https:\/\/lojawebcontinental.vtexassets.com\/arquivos\/logo-webcontinental-checkout.png\" border=\"0\" \/> &#8211; Loja Online.<\/a><\/p>\n<p><!-- END ADVERTISER: Webcontinental BR from awin.com --><\/p>\n","protected":false},"excerpt":{"rendered":"<p>R$ 1595.52 nas lojas <a href=\"https:\/\/www.awin1.com\/pclick.php?p=38605494408&#038;a=690303&#038;m=100453\" target=\"_blank\" rel=\"sponsored\">Casa Tema BR<\/a> <a class=\"more-link\" href=\"https:\/\/bonoro.com.br\/shop\/2026\/06\/quarto-de-bebe-com-guarda-roupa-3-portas-comoda-e-berco-faz-de-conta-espresso-moveis-rustico-branco-r-1595-52\/\">\u2192<\/a><\/p>\n","protected":false},"author":1,"featured_media":0,"comment_status":"closed","ping_status":"closed","sticky":false,"template":"","format":"standard","meta":{"footnotes":""},"categories":[198],"tags":[11050,205,11049],"class_list":["post-255602","post","type-post","status-publish","format-standard","hentry","category-produtos","tag-1595-52","tag-casa-tema-br","tag-quarto-de-bebe-com-guarda-roupa-3-portas-comoda-e-berco-faz-de-conta-espresso-moveis-rustico-branco"],"_links":{"self":[{"href":"https:\/\/bonoro.com.br\/shop\/wp-json\/wp\/v2\/posts\/255602","targetHints":{"allow":["GET"]}}],"collection":[{"href":"https:\/\/bonoro.com.br\/shop\/wp-json\/wp\/v2\/posts"}],"about":[{"href":"https:\/\/bonoro.com.br\/shop\/wp-json\/wp\/v2\/types\/post"}],"author":[{"embeddable":true,"href":"https:\/\/bonoro.com.br\/shop\/wp-json\/wp\/v2\/users\/1"}],"replies":[{"embeddable":true,"href":"https:\/\/bonoro.com.br\/shop\/wp-json\/wp\/v2\/comments?post=255602"}],"version-history":[{"count":0,"href":"https:\/\/bonoro.com.br\/shop\/wp-json\/wp\/v2\/posts\/255602\/revisions"}],"wp:attachment":[{"href":"https:\/\/bonoro.com.br\/shop\/wp-json\/wp\/v2\/media?parent=255602"}],"wp:term":[{"taxonomy":"category","embeddable":true,"href":"https:\/\/bonoro.com.br\/shop\/wp-json\/wp\/v2\/categories?post=255602"},{"taxonomy":"post_tag","embeddable":true,"href":"https:\/\/bonoro.com.br\/shop\/wp-json\/wp\/v2\/tags?post=255602"}],"curies":[{"name":"wp","href":"https:\/\/api.w.org\/{rel}","templated":true}]}}