{"id":255248,"date":"2026-06-29T07:50:14","date_gmt":"2026-06-29T07:50:14","guid":{"rendered":"https:\/\/bonoro.com.br\/shop\/2026\/06\/guarda-roupa-modulado-2-portas-de-correr-2-gavetas-requinte-100-mdf-branco-line-r-1949-98\/"},"modified":"2026-06-29T07:50:14","modified_gmt":"2026-06-29T07:50:14","slug":"guarda-roupa-modulado-2-portas-de-correr-2-gavetas-requinte-100-mdf-branco-line-r-1949-98","status":"publish","type":"post","link":"https:\/\/bonoro.com.br\/shop\/2026\/06\/guarda-roupa-modulado-2-portas-de-correr-2-gavetas-requinte-100-mdf-branco-line-r-1949-98\/","title":{"rendered":"Guarda Roupa Modulado 2 Portas de Correr 2 Gavetas Requinte 100% MDF Branco Line &#8211; R$ 1949.98"},"content":{"rendered":"<h2><\/h2>\n<h3>Guarda Roupa Modulado 2 Portas de Correr 2 Gavetas Requinte 100% MDF Branco Line teve o pre\u00e7o, no dia acima especificado, de <strong>R$ 1949.98<\/strong>.<\/h3>\n<p>Confira o pre\u00e7o atual aqui: <a href=\"https:\/\/www.awin1.com\/cread.php?awinmid=100453&#038;awinaffid=690303&#038;ued=https:\/\/www.casatema.com.br\/guarda-roupa-modulado-2-portas-de-correr-2-gavetas-requinte-branco-line\/p?idsku=2147080212\" rel=\"sponsored\" target=\"_blank\"><img decoding=\"async\" src=\"https:\/\/ui.awin.com\/images\/upload\/merchant\/profile\/100453.png\" alt=\"Guarda Roupa Modulado 2 Portas de Correr 2 Gavetas Requinte 100% MDF Branco Line\" \/> &#8211; nas lojas Casa Tema BR<\/a><\/p>\n<p><img decoding=\"async\" src=\"https:\/\/casatema.vteximg.com.br\/arquivos\/ids\/854248_2\" alt=\"Guarda Roupa Modulado 2 Portas de Correr 2 Gavetas Requinte 100% MDF Branco Line\" \/><br \/>\nGuarda Roupa Modulado 2 Portas de Correr 2 Gavetas Requinte 100% MDF Branco Line  .body-casatema-use-internal { font-family: Arial, sans-serif; line-height: 1.6; } .container-casatema-use-internal { width: 80%; margin: 0 auto; padding: 20px; } .hx-casatema-use-internal { color: #333; } .ul-casatema-use-internal { list-style-type: none; padding: 0; } .li-casatema-use-internal { background: #f4f4f4; margin: 5px 0; padding: 10px; border-radius: 5px; } .highlight-casatema-use-internal { font-weight: bold; } .image-container-casatema-use-internal, .img-casatema-use-internal { width: 100%; height: auto; } \/* CSS para os atributos *\/ .table-attr-casatema-use-internal { border-spacing: 0px; width: 100%; } .table-attr-casatema-use-internal tr:nth-child(even) { background: #ffffff; } .table-attr-casatema-use-internal tr:nth-child(odd) { background: #dfede9; } .td-left-attr-casatema-use-internal { padding: 10px; width: 30%; font-weight: bold; } .td-right-attr-casatema-use-internal { padding: 10px; width: 70%; } .div-left-attr-casatema-use-internal { width: 100%; } .div-right-attr-casatema-use-internal { width: 100%; } .div-group-attr-casatema-use-internal { padding-bottom: 10px; } @media (min-width: 1224px) { .div-left-attr-casatema-use-internal { width: 49%; float: left; } .div-right-attr-casatema-use-internal { width: 49%; float: right; } }     Guarda Roupa Modulado 2 Portas de Correr 2 Gavetas Requinte 100% MDF Branco Line. A Linha Requinte da M\u00f3veis Castro oferece um amplo espa\u00e7o e perfeita distribui\u00e7\u00e3o interna, al\u00e9m de agregar beleza e sofistica\u00e7\u00e3o ao seu ambiente. Este produto \u00e9 produzido em chapas de 100% MDF e traz toda comodidade, qualidade e conforto que voc\u00ea precisa no seu dia a dia.   Caracter\u00edsticasAmbienteQuartoAmbiente PrincipalQuartoCorBranco LineCor PredominanteBrancoCor do ProdutoBranco LineEstiloCl\u00e1ssicoGaveta com ChaveN\u00e3oLinha ou Cole\u00e7\u00e3oRequinte +MarcaM\u00f3veis CastroModularSimOrigem do ProdutoNacionalPeso M\u00e1ximo por Gaveta5.0Peso M\u00e1ximo por Prateleira5.0Possui CabideirosSimPossui CalceirosN\u00e3oPossui EspelhosN\u00e3oPossui Organizador de GavetaN\u00e3oPossui P\u00e9sN\u00e3oQuantidade de Cabideiros01 CabideiroQuantidade de Gavetas02 GavetasTipo de GavetaInternaTipo de Guarda-roupaModuladoTipo de Porta do Guarda-RoupaCorrerTipo de Puxador da PortaExternoPesos e Dimens\u00f5esAltura (cm)230.0Espessura da Estrutura (mm)15.0Espessura das Portas (mm)15.0Espessura do Fundo (mm)3.0Espessura do Fundo das Gavetas (mm)3.0Largura (cm)139.0Peso (kg)124.5Profundidade (cm)54.3Documentos AdicionaisManual de Montagem e Instala\u00e7\u00e3oClique aqui para acessarGarantiaGarantia03 MesesItens InclusosItens Inclusos1 Guarda Roupa Modulado, Kit Ferragens e Manual de MontagemMateriais e AcabamentosAcabamentoPintura UVAcabamento da GavetaPinturaAcabamento da PortaPinturaAcabamento da PrateleiraPinturaEscala de BrilhoSemi-FoscoEscala de Brilho da PortaSemi-FoscoEscala de Brilho da PrateleiraSemi-FoscoMaterial PrincipalMDFMaterial da PortaMDFMaterial da PrateleiraMDFTipo de Corredi\u00e7a da GavetaMet\u00e1lica Telesc\u00f3picaTipo de Dobradi\u00e7a\/Corredi\u00e7a da PortaTelesc\u00f3picaMontagemComplexidade da MontagemM\u00e9dia: pode ser montado por mais de uma pessoa e\/ou necessite de maior conhecimento para montagemNecessita MontagemSimRecomenda\u00e7\u00f5es de Uso, Manuten\u00e7\u00e3o e LimpezaLimpeza com pano umedecido.Sistema de MontagemParafusos.Outras caracter\u00edsticasCorBranco LinePossui Cabideiros1<\/p>\n<hr \/>\n<h4>Aproveite e pesquise o pre\u00e7o deste produto em dezenas de lojas dos marketplaces abaixo:<\/h4>\n<p><a href=\"https:\/\/www.magazinevoce.com.br\/magazineezu\/busca\/Guarda Roupa Modulado 2 Portas de Correr 2 Gavetas Requinte 100% MDF Branco Line\/\" target=\"_blank\" rel=\"noopener\"><img decoding=\"async\" src=\"https:\/\/bateroda.com.br\/marketplace\/logos\/magaezu.jpg\" alt=\"Pesquise no Magazine eZu\" \/> &#8211; Magazine eZu<\/a><\/p>\n<hr \/>\n<p><!-- START ADVERTISER: Webcontinental BR from awin.com --><\/p>\n<p><a href=\"https:\/\/www.awin1.com\/cread.php?awinmid=17743&#038;awinaffid=690303&#038;ued=https%3A%2F%2Fwww.webcontinental.com.br%2FGuarda Roupa Modulado 2 Portas de Correr 2 Gavetas Requinte 100% MDF Branco Line%3F_q%3DGuarda Roupa Modulado 2 Portas de Correr 2 Gavetas Requinte 100% MDF Branco Line%26map%3Dft\" rel=\"sponsored\"><img decoding=\"async\" src=\"https:\/\/lojawebcontinental.vtexassets.com\/arquivos\/logo-webcontinental-checkout.png\" border=\"0\" \/> &#8211; Loja Online.<\/a><\/p>\n<p><!-- END ADVERTISER: Webcontinental BR from awin.com --><\/p>\n","protected":false},"excerpt":{"rendered":"<p>R$ 1949.98 nas lojas <a href=\"https:\/\/www.awin1.com\/pclick.php?p=38605493747&#038;a=690303&#038;m=100453\" target=\"_blank\" rel=\"sponsored\">Casa Tema BR<\/a> <a class=\"more-link\" href=\"https:\/\/bonoro.com.br\/shop\/2026\/06\/guarda-roupa-modulado-2-portas-de-correr-2-gavetas-requinte-100-mdf-branco-line-r-1949-98\/\">\u2192<\/a><\/p>\n","protected":false},"author":1,"featured_media":0,"comment_status":"closed","ping_status":"closed","sticky":false,"template":"","format":"standard","meta":{"footnotes":""},"categories":[198],"tags":[10563,205,10562],"class_list":["post-255248","post","type-post","status-publish","format-standard","hentry","category-produtos","tag-1949-98","tag-casa-tema-br","tag-guarda-roupa-modulado-2-portas-de-correr-2-gavetas-requinte-100-mdf-branco-line"],"_links":{"self":[{"href":"https:\/\/bonoro.com.br\/shop\/wp-json\/wp\/v2\/posts\/255248","targetHints":{"allow":["GET"]}}],"collection":[{"href":"https:\/\/bonoro.com.br\/shop\/wp-json\/wp\/v2\/posts"}],"about":[{"href":"https:\/\/bonoro.com.br\/shop\/wp-json\/wp\/v2\/types\/post"}],"author":[{"embeddable":true,"href":"https:\/\/bonoro.com.br\/shop\/wp-json\/wp\/v2\/users\/1"}],"replies":[{"embeddable":true,"href":"https:\/\/bonoro.com.br\/shop\/wp-json\/wp\/v2\/comments?post=255248"}],"version-history":[{"count":0,"href":"https:\/\/bonoro.com.br\/shop\/wp-json\/wp\/v2\/posts\/255248\/revisions"}],"wp:attachment":[{"href":"https:\/\/bonoro.com.br\/shop\/wp-json\/wp\/v2\/media?parent=255248"}],"wp:term":[{"taxonomy":"category","embeddable":true,"href":"https:\/\/bonoro.com.br\/shop\/wp-json\/wp\/v2\/categories?post=255248"},{"taxonomy":"post_tag","embeddable":true,"href":"https:\/\/bonoro.com.br\/shop\/wp-json\/wp\/v2\/tags?post=255248"}],"curies":[{"name":"wp","href":"https:\/\/api.w.org\/{rel}","templated":true}]}}