{"id":254925,"date":"2026-06-28T15:26:55","date_gmt":"2026-06-28T15:26:55","guid":{"rendered":"https:\/\/bonoro.com.br\/shop\/2026\/06\/comoda-infantil-100-mdf-com-3-gavetas-e-1-porta-retro-melinda-rosa-rosa-r-624-98\/"},"modified":"2026-06-28T15:26:55","modified_gmt":"2026-06-28T15:26:55","slug":"comoda-infantil-100-mdf-com-3-gavetas-e-1-porta-retro-melinda-rosa-rosa-r-624-98","status":"publish","type":"post","link":"https:\/\/bonoro.com.br\/shop\/2026\/06\/comoda-infantil-100-mdf-com-3-gavetas-e-1-porta-retro-melinda-rosa-rosa-r-624-98\/","title":{"rendered":"C\u00f4moda Infantil 100% MDF com 3 Gavetas e 1 Porta Retr\u00f4 Melinda Rosa Rosa &#8211; R$ 624.98"},"content":{"rendered":"<h2><\/h2>\n<h3>C\u00f4moda Infantil 100% MDF com 3 Gavetas e 1 Porta Retr\u00f4 Melinda Rosa Rosa teve o pre\u00e7o, no dia acima especificado, de <strong>R$ 624.98<\/strong>.<\/h3>\n<p>Confira o pre\u00e7o atual aqui: <a href=\"https:\/\/www.awin1.com\/cread.php?awinmid=100453&#038;awinaffid=690303&#038;ued=https:\/\/www.casatema.com.br\/comoda-infantil-1-porta-3-gavetas-melinda-rosa\/p?idsku=2147077823\" rel=\"sponsored\" target=\"_blank\"><img decoding=\"async\" src=\"https:\/\/ui.awin.com\/images\/upload\/merchant\/profile\/100453.png\" alt=\"C\u00f4moda Infantil 100% MDF com 3 Gavetas e 1 Porta Retr\u00f4 Melinda Rosa Rosa\" \/> &#8211; nas lojas Casa Tema BR<\/a><\/p>\n<p><img decoding=\"async\" src=\"https:\/\/casatema.vteximg.com.br\/arquivos\/ids\/835467_2\" alt=\"C\u00f4moda Infantil 100% MDF com 3 Gavetas e 1 Porta Retr\u00f4 Melinda Rosa Rosa\" \/><br \/>\nC\u00f4moda Infantil 100% MDF com 3 Gavetas e 1 Porta Retr\u00f4 Melinda Rosa Rosa  .body-casatema-use-internal { font-family: Arial, sans-serif; line-height: 1.6; } .container-casatema-use-internal { width: 80%; margin: 0 auto; padding: 20px; } .hx-casatema-use-internal { color: #333; } .ul-casatema-use-internal { list-style-type: none; padding: 0; } .li-casatema-use-internal { background: #f4f4f4; margin: 5px 0; padding: 10px; border-radius: 5px; } .highlight-casatema-use-internal { font-weight: bold; } .image-container-casatema-use-internal, .img-casatema-use-internal { width: 100%; height: auto; } \/* CSS para os atributos *\/ .table-attr-casatema-use-internal { border-spacing: 0px; width: 100%; } .table-attr-casatema-use-internal tr:nth-child(even) { background: #ffffff; } .table-attr-casatema-use-internal tr:nth-child(odd) { background: #dfede9; } .td-left-attr-casatema-use-internal { padding: 10px; width: 30%; font-weight: bold; } .td-right-attr-casatema-use-internal { padding: 10px; width: 70%; } .div-left-attr-casatema-use-internal { width: 100%; } .div-right-attr-casatema-use-internal { width: 100%; } .div-group-attr-casatema-use-internal { padding-bottom: 10px; } @media (min-width: 1224px) { .div-left-attr-casatema-use-internal { width: 49%; float: left; } .div-right-attr-casatema-use-internal { width: 49%; float: right; } }     C\u00f4moda Infantil 100% MDF com 3 Gavetas e 1 Porta Retr\u00f4 Melinda Rosa Rosa. A C\u00f4moda Infantil Melinda \u00e9 a uni\u00e3o perfeita entre charme retr\u00f4 e funcionalidade para o quarto do seu beb\u00ea. Com um design pensado para otimizar a organiza\u00e7\u00e3o, ela acomoda roupas e pertences de forma pr\u00e1tica, adicionando um toque de estilo e delicadeza ao ambiente. &#8211; Estrutura de Qualidade: Produzida em material 100% MDF, a c\u00f4moda oferece uma estrutura robusta e dur\u00e1vel, com acabamento de alta qualidade que facilita a limpeza e garante a longevidade do m\u00f3vel. &#8211; Design Retr\u00f4 e Funcional: Seu visual \u00e9 marcado pelos p\u00e9s palito e puxadores embutidos, que conferem um charme vintage e garantem seguran\u00e7a. &#8211; Amplo Espa\u00e7o de Organiza\u00e7\u00e3o: Conta com 3 gavetas espa\u00e7osas e 1 porta lateral com prateleira interna, ideal para guardar desde roupas e fraldas at\u00e9 brinquedos e acess\u00f3rios, mantendo tudo ao alcance. &#8211; Dimens\u00f5es Ideais para o Quarto: Com 113 cm de largura, 91 cm de altura e 46 cm de profundidade, a pe\u00e7a oferece uma superf\u00edcie \u00fatil e \u00f3tima capacidade de armazenamento, adaptando-se bem a diferentes espa\u00e7os. Para uma compra certeira: Os itens decorativos das imagens n\u00e3o fazem parte do produto. Confirme se as medidas cabem no seu ambiente, considerando uma pequena folga de at\u00e9 2 cm para manuseio.   Caracter\u00edsticasAmbiente PrincipalQuarto InfantilCorRosaCor Flexn\u00e3oCor InternaRosaCor PredominanteRosaCor do ProdutoRosaEstiloRetr\u00f4Gaveta com ChaveN\u00e3oLinha ou Cole\u00e7\u00e3oMelindaMarcaPhoenix BabyOrigem do ProdutoNacionalPeso M\u00e1ximo por Gaveta5.0Peso M\u00e1ximo por Prateleira5.0Possui EspelhosN\u00e3oPossui GavetasSimPossui NichosN\u00e3oPossui PortasSimPossui PrateleirasSimPossui P\u00e9sSimPossui Rod\u00edzioN\u00e3oPossui TrocadorN\u00e3oQuantidade de Prateleiras01 PrateleiraSapatas NiveladorasN\u00e3oSuporta At\u00e9 (kg)35.0Tipo de PortaBaterTipo de Puxador da GavetaEmbutidoOutras caracter\u00edsticasMaterial do FundoHDF pintado na cor ,pintura uvPesos e Dimens\u00f5esAltura (cm)91.0Altura dos P\u00e9s15.0Largura (cm)113.0Peso (kg)42.3Profundidade (cm)46.0Documentos AdicionaisManual de Montagem e Instala\u00e7\u00e3oClique aqui para acessarGarantiaGarantia03 MesesItens InclusosItens Inclusos1 c\u00f4moda e manual de montagemMateriais e AcabamentosAcabamentoPintura UVAcabamento da GavetaPintura UVAcabamento da PortaPintura UVAcabamento da PrateleiraPintura UVEscala de BrilhoSemi-BrilhoEscala de Brilho da GavetaSemi-BrilhoEscala de Brilho da PortaSemi-BrilhoEscala de Brilho da PrateleiraSemi-BrilhoMaterial PrincipalMDFMaterial da GavetaMDFMaterial da PortaMDFMaterial da PrateleiraMDFMaterial do FundoMDFMaterial dos P\u00e9sEucaliptoTipo de Corredi\u00e7a da GavetaMet\u00e1lica Telesc\u00f3picaTipo de Dobradi\u00e7a\/Corredi\u00e7a da PortaMet\u00e1licaMontagemComplexidade da MontagemM\u00e9dia: pode ser montado por mais de uma pessoa e\/ou necessite de maior conhecimento para montagemMontagem Flexn\u00e3oNecessita MontagemSimRecomenda\u00e7\u00f5es de Uso, Manuten\u00e7\u00e3o e LimpezaLimpeza com pano macio levemente umedecido. N\u00e3o utilizar produtos abrasivos.Sistema de MontagemParafusos, Cavilhas e Minifix.<\/p>\n<hr \/>\n<h4>Aproveite e pesquise o pre\u00e7o deste produto em dezenas de lojas dos marketplaces abaixo:<\/h4>\n<p><a href=\"https:\/\/www.magazinevoce.com.br\/magazineezu\/busca\/C\u00f4moda Infantil 100% MDF com 3 Gavetas e 1 Porta Retr\u00f4 Melinda Rosa Rosa\/\" target=\"_blank\" rel=\"noopener\"><img decoding=\"async\" src=\"https:\/\/bateroda.com.br\/marketplace\/logos\/magaezu.jpg\" alt=\"Pesquise no Magazine eZu\" \/> &#8211; Magazine eZu<\/a><\/p>\n<hr \/>\n<p><!-- START ADVERTISER: Webcontinental BR from awin.com --><\/p>\n<p><a href=\"https:\/\/www.awin1.com\/cread.php?awinmid=17743&#038;awinaffid=690303&#038;ued=https%3A%2F%2Fwww.webcontinental.com.br%2FC\u00f4moda Infantil 100% MDF com 3 Gavetas e 1 Porta Retr\u00f4 Melinda Rosa Rosa%3F_q%3DC\u00f4moda Infantil 100% MDF com 3 Gavetas e 1 Porta Retr\u00f4 Melinda Rosa Rosa%26map%3Dft\" rel=\"sponsored\"><img decoding=\"async\" src=\"https:\/\/lojawebcontinental.vtexassets.com\/arquivos\/logo-webcontinental-checkout.png\" border=\"0\" \/> &#8211; Loja Online.<\/a><\/p>\n<p><!-- END ADVERTISER: Webcontinental BR from awin.com --><\/p>\n","protected":false},"excerpt":{"rendered":"<p>R$ 624.98 nas lojas <a href=\"https:\/\/www.awin1.com\/pclick.php?p=38605493075&#038;a=690303&#038;m=100453\" target=\"_blank\" rel=\"sponsored\">Casa Tema BR<\/a> <a class=\"more-link\" href=\"https:\/\/bonoro.com.br\/shop\/2026\/06\/comoda-infantil-100-mdf-com-3-gavetas-e-1-porta-retro-melinda-rosa-rosa-r-624-98\/\">\u2192<\/a><\/p>\n","protected":false},"author":1,"featured_media":0,"comment_status":"closed","ping_status":"closed","sticky":false,"template":"","format":"standard","meta":{"footnotes":""},"categories":[198],"tags":[9559,205,10144],"class_list":["post-254925","post","type-post","status-publish","format-standard","hentry","category-produtos","tag-624-98","tag-casa-tema-br","tag-comoda-infantil-100-mdf-com-3-gavetas-e-1-porta-retro-melinda-rosa-rosa"],"_links":{"self":[{"href":"https:\/\/bonoro.com.br\/shop\/wp-json\/wp\/v2\/posts\/254925","targetHints":{"allow":["GET"]}}],"collection":[{"href":"https:\/\/bonoro.com.br\/shop\/wp-json\/wp\/v2\/posts"}],"about":[{"href":"https:\/\/bonoro.com.br\/shop\/wp-json\/wp\/v2\/types\/post"}],"author":[{"embeddable":true,"href":"https:\/\/bonoro.com.br\/shop\/wp-json\/wp\/v2\/users\/1"}],"replies":[{"embeddable":true,"href":"https:\/\/bonoro.com.br\/shop\/wp-json\/wp\/v2\/comments?post=254925"}],"version-history":[{"count":0,"href":"https:\/\/bonoro.com.br\/shop\/wp-json\/wp\/v2\/posts\/254925\/revisions"}],"wp:attachment":[{"href":"https:\/\/bonoro.com.br\/shop\/wp-json\/wp\/v2\/media?parent=254925"}],"wp:term":[{"taxonomy":"category","embeddable":true,"href":"https:\/\/bonoro.com.br\/shop\/wp-json\/wp\/v2\/categories?post=254925"},{"taxonomy":"post_tag","embeddable":true,"href":"https:\/\/bonoro.com.br\/shop\/wp-json\/wp\/v2\/tags?post=254925"}],"curies":[{"name":"wp","href":"https:\/\/api.w.org\/{rel}","templated":true}]}}