{"id":254880,"date":"2026-06-28T14:09:13","date_gmt":"2026-06-28T14:09:13","guid":{"rendered":"https:\/\/bonoro.com.br\/shop\/2026\/06\/balcao-de-canto-belgica-mel-mel-r-577-87\/"},"modified":"2026-06-28T14:09:13","modified_gmt":"2026-06-28T14:09:13","slug":"balcao-de-canto-belgica-mel-mel-r-577-87","status":"publish","type":"post","link":"https:\/\/bonoro.com.br\/shop\/2026\/06\/balcao-de-canto-belgica-mel-mel-r-577-87\/","title":{"rendered":"Balc\u00e3o de Canto Belgica Mel\/Mel &#8211; R$ 577.87"},"content":{"rendered":"<h2><\/h2>\n<h3>Balc\u00e3o de Canto Belgica Mel\/Mel teve o pre\u00e7o, no dia acima especificado, de <strong>R$ 577.87<\/strong>.<\/h3>\n<p>Confira o pre\u00e7o atual aqui: <a href=\"https:\/\/www.awin1.com\/cread.php?awinmid=100453&#038;awinaffid=690303&#038;ued=https:\/\/www.casatema.com.br\/balcao-de-canto-belgica-mel-mel\/p?idsku=2147077381\" rel=\"sponsored\" target=\"_blank\"><img decoding=\"async\" src=\"https:\/\/ui.awin.com\/images\/upload\/merchant\/profile\/100453.png\" alt=\"Balc\u00e3o de Canto Belgica Mel\/Mel\" \/> &#8211; nas lojas Casa Tema BR<\/a><\/p>\n<p><img decoding=\"async\" src=\"https:\/\/casatema.vteximg.com.br\/arquivos\/ids\/831296_2\" alt=\"Balc\u00e3o de Canto Belgica Mel\/Mel\" \/><br \/>\nBalc\u00e3o de Canto Belgica Mel\/Mel  .body-casatema-use-internal { font-family: Arial, sans-serif; line-height: 1.6; } .container-casatema-use-internal { width: 80%; margin: 0 auto; padding: 20px; } .hx-casatema-use-internal { color: #333; } .ul-casatema-use-internal { list-style-type: none; padding: 0; } .li-casatema-use-internal { background: #f4f4f4; margin: 5px 0; padding: 10px; border-radius: 5px; } .highlight-casatema-use-internal { font-weight: bold; } .image-container-casatema-use-internal, .img-casatema-use-internal { width: 100%; height: auto; } \/* CSS para os atributos *\/ .table-attr-casatema-use-internal { border-spacing: 0px; width: 100%; } .table-attr-casatema-use-internal tr:nth-child(even) { background: #ffffff; } .table-attr-casatema-use-internal tr:nth-child(odd) { background: #dfede9; } .td-left-attr-casatema-use-internal { padding: 10px; width: 30%; font-weight: bold; } .td-right-attr-casatema-use-internal { padding: 10px; width: 70%; } .div-left-attr-casatema-use-internal { width: 100%; } .div-right-attr-casatema-use-internal { width: 100%; } .div-group-attr-casatema-use-internal { padding-bottom: 10px; } @media (min-width: 1224px) { .div-left-attr-casatema-use-internal { width: 49%; float: left; } .div-right-attr-casatema-use-internal { width: 49%; float: right; } }     Balc\u00e3o de Canto Belgica Mel\/Mel. Balc\u00e3o 75 da Casamia M\u00f3veis, um acess\u00f3rio\/complemento da sua cozinha, mostrando utilidade, modernidade e beleza com qualidade superior. A linha B\u00e9lgica \u00e9 modulada e voc\u00ea pode compor o ambiente com sua necessidade, otimizando espa\u00e7os e organizando sua cozinha. Acabamento em impress\u00e3o texturizada touch fosco UV, confeccionado em MDP 15mm e possui puxadores ABS.   Atributos em an\u00e1liseTonalidadeBronzeDocumentos AdicionaisManual de MontagemClique aqui para acessarGarantiaGarantia03 MesesItens InclusosAcompanha TampoSimBalc\u00e3o Acompanha PiaN\u00e3oItens Inclusos1 Balc\u00e3o e Manual de MontagemMateriais e AcabamentosAcabamentoPintura UVAcabamento da PortaPinturaAcabamento da PrateleiraPintura UVAcabamento dos P\u00e9sPinturaEscala de BrilhoSemi-BrilhoEscala de Brilho da PortaSemi-BrilhoEscala de Brilho da PrateleiraSemi-BrilhoMaterial PrincipalMDPMaterial da Dobradi\u00e7a\/Corredi\u00e7a da PortaMet\u00e1licaMaterial da PortaMDPMaterial da PrateleiraMDPMaterial do Puxador da GavetaABSMaterial do Puxador da PortaABSMaterial do TampoMDPMaterial dos P\u00e9sABSTipo de Dobradi\u00e7a\/Corredi\u00e7a da PortaSimplesMontagemComplexidade da MontagemBaixa: pode ser montado por uma pessoa sozinhaRecomenda\u00e7\u00f5es de Uso, Manuten\u00e7\u00e3o e LimpezaDeve ser feita com pano macio e seco ou levemente umedecido com \u00e1gua e sab\u00e3o neutro. N\u00e3o devem ser utilizados abrasivos como palha de a\u00e7o e objetos cortantes.Sistema de MontagemParafusos,cavilhas e minifix.Caracter\u00edsticasAmbiente PrincipalCozinhaBalc\u00e3o Suporta PiaN\u00e3oCor InternamarromCor PredominanteMarromCor do ProdutoMel\/MelEstiloModernoLinha ou Cole\u00e7\u00e3oB\u00e9lgica &#8211; CasamiaMarcaCasamiaMedida do Tampo (L x C x E)750x520x750x25ModularN\u00e3oOrigem do ProdutoNacionalPeso M\u00e1ximo por Prateleira5.0Possui GavetasN\u00e3oPossui PortasSimPossui PrateleirasSimPossui P\u00e9sSimPossui Recorte para CooktopN\u00e3oPossui Rod\u00edzioN\u00e3oProduto MontadoN\u00e3oP\u00e9s Regul\u00e1veisN\u00e3oQuantidade de GavetasN\u00e3o PossuiQuantidade de PortasN\u00e3o PossuiQuantidade de Prateleiras01 PrateleiraSapatas NiveladorasN\u00e3oSuporta At\u00e9 (kg)20.0Suporta GranitoSimTipo de Arm\u00e1rio de CozinhaBalc\u00e3o para CozinhaTipo de PortaBaterTipo de Puxador da PortaExternoPesos e Dimens\u00f5esAltura (cm)90.0Altura dos P\u00e9s20.0Largura (cm)75.0Peso (kg)32.0Peso Bruto (Kg)20.3Profundidade (cm)75.0<\/p>\n<hr \/>\n<h4>Aproveite e pesquise o pre\u00e7o deste produto em dezenas de lojas dos marketplaces abaixo:<\/h4>\n<p><a href=\"https:\/\/www.magazinevoce.com.br\/magazineezu\/busca\/Balc\u00e3o de Canto Belgica Mel\/Mel\/\" target=\"_blank\" rel=\"noopener\"><img decoding=\"async\" src=\"https:\/\/bateroda.com.br\/marketplace\/logos\/magaezu.jpg\" alt=\"Pesquise no Magazine eZu\" \/> &#8211; Magazine eZu<\/a><\/p>\n<hr \/>\n<p><!-- START ADVERTISER: Webcontinental BR from awin.com --><\/p>\n<p><a href=\"https:\/\/www.awin1.com\/cread.php?awinmid=17743&#038;awinaffid=690303&#038;ued=https%3A%2F%2Fwww.webcontinental.com.br%2FBalc\u00e3o de Canto Belgica Mel\/Mel%3F_q%3DBalc\u00e3o de Canto Belgica Mel\/Mel%26map%3Dft\" rel=\"sponsored\"><img decoding=\"async\" src=\"https:\/\/lojawebcontinental.vtexassets.com\/arquivos\/logo-webcontinental-checkout.png\" border=\"0\" \/> &#8211; Loja Online.<\/a><\/p>\n<p><!-- END ADVERTISER: Webcontinental BR from awin.com --><\/p>\n","protected":false},"excerpt":{"rendered":"<p>R$ 577.87 nas lojas <a href=\"https:\/\/www.awin1.com\/pclick.php?p=38605492956&#038;a=690303&#038;m=100453\" target=\"_blank\" rel=\"sponsored\">Casa Tema BR<\/a> <a class=\"more-link\" href=\"https:\/\/bonoro.com.br\/shop\/2026\/06\/balcao-de-canto-belgica-mel-mel-r-577-87\/\">\u2192<\/a><\/p>\n","protected":false},"author":1,"featured_media":0,"comment_status":"closed","ping_status":"closed","sticky":false,"template":"","format":"standard","meta":{"footnotes":""},"categories":[198],"tags":[10066,10065,205],"class_list":["post-254880","post","type-post","status-publish","format-standard","hentry","category-produtos","tag-577-87","tag-balcao-de-canto-belgica-mel-mel","tag-casa-tema-br"],"_links":{"self":[{"href":"https:\/\/bonoro.com.br\/shop\/wp-json\/wp\/v2\/posts\/254880","targetHints":{"allow":["GET"]}}],"collection":[{"href":"https:\/\/bonoro.com.br\/shop\/wp-json\/wp\/v2\/posts"}],"about":[{"href":"https:\/\/bonoro.com.br\/shop\/wp-json\/wp\/v2\/types\/post"}],"author":[{"embeddable":true,"href":"https:\/\/bonoro.com.br\/shop\/wp-json\/wp\/v2\/users\/1"}],"replies":[{"embeddable":true,"href":"https:\/\/bonoro.com.br\/shop\/wp-json\/wp\/v2\/comments?post=254880"}],"version-history":[{"count":0,"href":"https:\/\/bonoro.com.br\/shop\/wp-json\/wp\/v2\/posts\/254880\/revisions"}],"wp:attachment":[{"href":"https:\/\/bonoro.com.br\/shop\/wp-json\/wp\/v2\/media?parent=254880"}],"wp:term":[{"taxonomy":"category","embeddable":true,"href":"https:\/\/bonoro.com.br\/shop\/wp-json\/wp\/v2\/categories?post=254880"},{"taxonomy":"post_tag","embeddable":true,"href":"https:\/\/bonoro.com.br\/shop\/wp-json\/wp\/v2\/tags?post=254880"}],"curies":[{"name":"wp","href":"https:\/\/api.w.org\/{rel}","templated":true}]}}