{"id":254284,"date":"2026-06-28T21:14:25","date_gmt":"2026-06-28T21:14:25","guid":{"rendered":"https:\/\/bonoro.com.br\/shop\/2026\/06\/guarda-sol-benoa-fnc200-04-articulado-2-metros-r-154-53\/"},"modified":"2026-06-28T21:14:25","modified_gmt":"2026-06-28T21:14:25","slug":"guarda-sol-benoa-fnc200-04-articulado-2-metros-r-154-53","status":"publish","type":"post","link":"https:\/\/bonoro.com.br\/shop\/2026\/06\/guarda-sol-benoa-fnc200-04-articulado-2-metros-r-154-53\/","title":{"rendered":"Guarda Sol Beno\u00e1 FNC200-04 Articulado 2 Metros &#8211; R$ 154.53"},"content":{"rendered":"<h2>604<\/h2>\n<h3>Guarda Sol Beno\u00e1 FNC200-04 Articulado 2 Metros teve o pre\u00e7o, no dia acima especificado, de <strong>R$ 154.53<\/strong>.<\/h3>\n<p>Confira o pre\u00e7o atual aqui: <a href=\"https:\/\/www.awin1.com\/cread.php?awinmid=79974&#038;awinaffid=690303&#038;ued=https:\/\/www.benoit.com.br\/guarda-sol-benoa-fnc20004-articulado-2-metros-10002998-p991809?tsid=33&#038;v=991808\" rel=\"sponsored\" target=\"_blank\"><img decoding=\"async\" src=\"https:\/\/ui.awin.com\/images\/upload\/merchant\/profile\/79974.png\" alt=\"Guarda Sol Beno\u00e1 FNC200-04 Articulado 2 Metros\" \/> &#8211; nas lojas Lojas Benoit BR<\/a><\/p>\n<p><img decoding=\"async\" src=\"https:\/\/d296pbmv9m7g8v.cloudfront.net\/Custom\/Content\/Products\/99\/18\/991809_guarda-sol-benoa-fnc20004-articulado-2-metros-10002998_z37_638809307771023371.webp\" alt=\"Guarda Sol Beno\u00e1 FNC200-04 Articulado 2 Metros\" \/><br \/>\nGuarda Sol Beno\u00e1 FNC200-04 Articulado 2 MetrosO Guarda-Sol Beno\u00e1 FNC200-04 Articulado de 2 metros \u00e9 a escolha perfeita para quem busca conforto e prote\u00e7\u00e3o contra os raios solares. Com um design moderno e funcional, possui sistema de articula\u00e7\u00e3o que permite ajustar a orienta\u00e7\u00e3o de inclina\u00e7\u00e3o, proporcionando sombra em diferentes dire\u00e7\u00f5es. Seu tamanho de 2 metros de di\u00e2metro oferece ampla cobertura, enquanto sua estrutura resistente e dur\u00e1vel garante durabilidade mesmo em dias ventosos. Al\u00e9m disso, sua montagem e desmontagem s\u00e3o r\u00e1pidas e f\u00e1ceis, tornando-o ideal para praia, piscina ou jardim. Aproveite o seu dia ao ar livre com estilo e prote\u00e7\u00e3o com o Guarda-Sol Beno\u00e1 FNC200-04 Articulado 2 Metros.Caracter\u00edsticas do Produto:- Peso (kg): 1,42- Prote\u00e7\u00e3o UVA\/UVB (sim ou n\u00e3o): Sim- Material do teto: Poliester- Material da estrutura: Alum\u00ednio<\/p>\n<hr \/>\n<h4>Aproveite e pesquise o pre\u00e7o deste produto em dezenas de lojas dos marketplaces abaixo:<\/h4>\n<p><a href=\"https:\/\/www.magazinevoce.com.br\/magazineezu\/busca\/Guarda Sol Beno\u00e1 FNC200-04 Articulado 2 Metros\/\" target=\"_blank\" rel=\"noopener\"><img decoding=\"async\" src=\"https:\/\/bateroda.com.br\/marketplace\/logos\/magaezu.jpg\" alt=\"Pesquise no Magazine eZu\" \/> &#8211; Magazine eZu<\/a><\/p>\n<hr \/>\n<p><!-- START ADVERTISER: Webcontinental BR from awin.com --><\/p>\n<p><a href=\"https:\/\/www.awin1.com\/cread.php?awinmid=17743&#038;awinaffid=690303&#038;ued=https%3A%2F%2Fwww.webcontinental.com.br%2FGuarda Sol Beno\u00e1 FNC200-04 Articulado 2 Metros%3F_q%3DGuarda Sol Beno\u00e1 FNC200-04 Articulado 2 Metros%26map%3Dft\" rel=\"sponsored\"><img decoding=\"async\" src=\"https:\/\/lojawebcontinental.vtexassets.com\/arquivos\/logo-webcontinental-checkout.png\" border=\"0\" \/> &#8211; Loja Online.<\/a><\/p>\n<p><!-- END ADVERTISER: Webcontinental BR from awin.com --><\/p>\n","protected":false},"excerpt":{"rendered":"<p>R$ 154.53 nas lojas <a href=\"https:\/\/www.awin1.com\/pclick.php?p=37635686484&#038;a=690303&#038;m=79974\" target=\"_blank\" rel=\"sponsored\">Lojas Benoit BR<\/a> <a class=\"more-link\" href=\"https:\/\/bonoro.com.br\/shop\/2026\/06\/guarda-sol-benoa-fnc200-04-articulado-2-metros-r-154-53\/\">\u2192<\/a><\/p>\n","protected":false},"author":1,"featured_media":0,"comment_status":"closed","ping_status":"closed","sticky":false,"template":"","format":"standard","meta":{"footnotes":""},"categories":[198],"tags":[40996,35436,40995,206],"class_list":["post-254284","post","type-post","status-publish","format-standard","hentry","category-produtos","tag-154-53","tag-35436","tag-guarda-sol-benoa-fnc200-04-articulado-2-metros","tag-lojas-benoit-br"],"_links":{"self":[{"href":"https:\/\/bonoro.com.br\/shop\/wp-json\/wp\/v2\/posts\/254284","targetHints":{"allow":["GET"]}}],"collection":[{"href":"https:\/\/bonoro.com.br\/shop\/wp-json\/wp\/v2\/posts"}],"about":[{"href":"https:\/\/bonoro.com.br\/shop\/wp-json\/wp\/v2\/types\/post"}],"author":[{"embeddable":true,"href":"https:\/\/bonoro.com.br\/shop\/wp-json\/wp\/v2\/users\/1"}],"replies":[{"embeddable":true,"href":"https:\/\/bonoro.com.br\/shop\/wp-json\/wp\/v2\/comments?post=254284"}],"version-history":[{"count":0,"href":"https:\/\/bonoro.com.br\/shop\/wp-json\/wp\/v2\/posts\/254284\/revisions"}],"wp:attachment":[{"href":"https:\/\/bonoro.com.br\/shop\/wp-json\/wp\/v2\/media?parent=254284"}],"wp:term":[{"taxonomy":"category","embeddable":true,"href":"https:\/\/bonoro.com.br\/shop\/wp-json\/wp\/v2\/categories?post=254284"},{"taxonomy":"post_tag","embeddable":true,"href":"https:\/\/bonoro.com.br\/shop\/wp-json\/wp\/v2\/tags?post=254284"}],"curies":[{"name":"wp","href":"https:\/\/api.w.org\/{rel}","templated":true}]}}