{"id":253177,"date":"2026-06-11T18:32:27","date_gmt":"2026-06-11T18:32:27","guid":{"rendered":"https:\/\/bonoro.com.br\/shop\/2026\/06\/aereo-mademovel-lavanda-provencal-2323-120cm-3-portas-r-828-38\/"},"modified":"2026-06-11T18:32:27","modified_gmt":"2026-06-11T18:32:27","slug":"aereo-mademovel-lavanda-provencal-2323-120cm-3-portas-r-828-38","status":"publish","type":"post","link":"https:\/\/bonoro.com.br\/shop\/2026\/06\/aereo-mademovel-lavanda-provencal-2323-120cm-3-portas-r-828-38\/","title":{"rendered":"A\u00e9reo Madem\u00f3vel Lavanda Proven\u00e7al 2323 120cm 3 Portas &#8211; R$ 828.38"},"content":{"rendered":"<h2>604<\/h2>\n<h3>A\u00e9reo Madem\u00f3vel Lavanda Proven\u00e7al 2323 120cm 3 Portas teve o pre\u00e7o, no dia acima especificado, de <strong>R$ 828.38<\/strong>.<\/h3>\n<p>Confira o pre\u00e7o atual aqui: <a href=\"https:\/\/www.awin1.com\/cread.php?awinmid=79974&#038;awinaffid=690303&#038;ued=https:\/\/www.benoit.com.br\/aereo-mademovel-lavanda-provencal-2323-120cm-3-portas-10010637-p1071827?tsid=33&#038;v=1071826\" rel=\"sponsored\" target=\"_blank\"><img decoding=\"async\" src=\"https:\/\/ui.awin.com\/images\/upload\/merchant\/profile\/79974.png\" alt=\"A\u00e9reo Madem\u00f3vel Lavanda Proven\u00e7al 2323 120cm 3 Portas\" \/> &#8211; nas lojas Lojas Benoit BR<\/a><\/p>\n<p><img decoding=\"async\" src=\"https:\/\/d296pbmv9m7g8v.cloudfront.net\/Custom\/Content\/Products\/10\/71\/1071827_aereo-mademovel-lavanda-provencal-2323-120cm-3-portas-10010637_z37_638603670088723510.webp\" alt=\"A\u00e9reo Madem\u00f3vel Lavanda Proven\u00e7al 2323 120cm 3 Portas\" \/><br \/>\nA\u00e9reo Madem\u00f3vel Lavanda Proven\u00e7al 2323 120cm 3 Portas \u00a0 Este arm\u00e1rio a\u00e9reo, com design proven\u00e7al atemporal e cor azul, oferece amplo espa\u00e7o interno para armazenar seus utens\u00edlios, lou\u00e7as e mantimentos com organiza\u00e7\u00e3o. As tr\u00eas portas com puxadores em Zamack garantem f\u00e1cil acesso aos seus itens, enquanto a prateleira interna permite que voc\u00ea organize seus utens\u00edlios e alimentos \u00e0s suas necessidades. O acabamento em Finish Foil garante beleza e durabilidade ao m\u00f3vel. O A\u00e9reo Madem\u00f3vel Lavanda Proven\u00e7al 2323 \u00e9 a escolha ideal para quem busca: Um arm\u00e1rio a\u00e9reo elegante e funcional para a cozinha; Amplo espa\u00e7o interno para organiza\u00e7\u00e3o; Design proven\u00e7al atemporal; Qualidade e durabilidade. Desfrute de uma cozinha organizada e charmosa com o A\u00e9reo Madem\u00f3vel Lavanda Proven\u00e7al 2323 120cm 3 Port&#8230;<\/p>\n<hr \/>\n<h4>Aproveite e pesquise o pre\u00e7o deste produto em dezenas de lojas dos marketplaces abaixo:<\/h4>\n<p><a href=\"https:\/\/www.magazinevoce.com.br\/magazineezu\/busca\/A\u00e9reo Madem\u00f3vel Lavanda Proven\u00e7al 2323 120cm 3 Portas\/\" target=\"_blank\" rel=\"noopener\"><img decoding=\"async\" src=\"https:\/\/bateroda.com.br\/marketplace\/logos\/magaezu.jpg\" alt=\"Pesquise no Magazine eZu\" \/> &#8211; Magazine eZu<\/a><\/p>\n<hr \/>\n<p><!-- START ADVERTISER: Webcontinental BR from awin.com --><\/p>\n<p><a href=\"https:\/\/www.awin1.com\/cread.php?awinmid=17743&#038;awinaffid=690303&#038;ued=https%3A%2F%2Fwww.webcontinental.com.br%2FA\u00e9reo Madem\u00f3vel Lavanda Proven\u00e7al 2323 120cm 3 Portas%3F_q%3DA\u00e9reo Madem\u00f3vel Lavanda Proven\u00e7al 2323 120cm 3 Portas%26map%3Dft\" rel=\"sponsored\"><img decoding=\"async\" src=\"https:\/\/lojawebcontinental.vtexassets.com\/arquivos\/logo-webcontinental-checkout.png\" border=\"0\" \/> &#8211; Loja Online.<\/a><\/p>\n<p><!-- END ADVERTISER: Webcontinental BR from awin.com --><\/p>\n","protected":false},"excerpt":{"rendered":"<p>R$ 828.38 nas lojas <a href=\"https:\/\/www.awin1.com\/pclick.php?p=38256128512&#038;a=690303&#038;m=79974\" target=\"_blank\" rel=\"sponsored\">Lojas Benoit BR<\/a> <a class=\"more-link\" href=\"https:\/\/bonoro.com.br\/shop\/2026\/06\/aereo-mademovel-lavanda-provencal-2323-120cm-3-portas-r-828-38\/\">\u2192<\/a><\/p>\n","protected":false},"author":1,"featured_media":0,"comment_status":"closed","ping_status":"closed","sticky":false,"template":"","format":"standard","meta":{"footnotes":""},"categories":[198],"tags":[35436,39070,39069,206],"class_list":["post-253177","post","type-post","status-publish","format-standard","hentry","category-produtos","tag-35436","tag-828-38","tag-aereo-mademovel-lavanda-provencal-2323-120cm-3-portas","tag-lojas-benoit-br"],"_links":{"self":[{"href":"https:\/\/bonoro.com.br\/shop\/wp-json\/wp\/v2\/posts\/253177","targetHints":{"allow":["GET"]}}],"collection":[{"href":"https:\/\/bonoro.com.br\/shop\/wp-json\/wp\/v2\/posts"}],"about":[{"href":"https:\/\/bonoro.com.br\/shop\/wp-json\/wp\/v2\/types\/post"}],"author":[{"embeddable":true,"href":"https:\/\/bonoro.com.br\/shop\/wp-json\/wp\/v2\/users\/1"}],"replies":[{"embeddable":true,"href":"https:\/\/bonoro.com.br\/shop\/wp-json\/wp\/v2\/comments?post=253177"}],"version-history":[{"count":0,"href":"https:\/\/bonoro.com.br\/shop\/wp-json\/wp\/v2\/posts\/253177\/revisions"}],"wp:attachment":[{"href":"https:\/\/bonoro.com.br\/shop\/wp-json\/wp\/v2\/media?parent=253177"}],"wp:term":[{"taxonomy":"category","embeddable":true,"href":"https:\/\/bonoro.com.br\/shop\/wp-json\/wp\/v2\/categories?post=253177"},{"taxonomy":"post_tag","embeddable":true,"href":"https:\/\/bonoro.com.br\/shop\/wp-json\/wp\/v2\/tags?post=253177"}],"curies":[{"name":"wp","href":"https:\/\/api.w.org\/{rel}","templated":true}]}}