{"id":249172,"date":"2026-06-29T06:34:20","date_gmt":"2026-06-29T06:34:20","guid":{"rendered":"https:\/\/bonoro.com.br\/shop\/2026\/06\/cadeira-com-bracos-leme-r-999-90\/"},"modified":"2026-06-29T06:34:20","modified_gmt":"2026-06-29T06:34:20","slug":"cadeira-com-bracos-leme-r-999-90","status":"publish","type":"post","link":"https:\/\/bonoro.com.br\/shop\/2026\/06\/cadeira-com-bracos-leme-r-999-90\/","title":{"rendered":"Cadeira Com Bra\u00e7os Leme &#8211; R$ 999.90"},"content":{"rendered":"<h2>M\u00f3veis > Bancos e Cadeiras > Cadeira para Varanda e Jardim<\/h2>\n<h3>Cadeira Com Bra\u00e7os Leme teve o pre\u00e7o, no dia acima especificado, de <strong>R$ 999.90<\/strong>.<\/h3>\n<p>Confira o pre\u00e7o atual aqui: <a href=\"https:\/\/www.awin1.com\/cread.php?awinmid=36382&#038;awinaffid=690303&#038;ued=https:\/\/www.tokstok.com.br\/com-bracos-leme-tamarindo-cadeira\/p?idsku=435082\" rel=\"sponsored\" target=\"_blank\"><img decoding=\"async\" src=\"https:\/\/ui.awin.com\/images\/upload\/merchant\/profile\/36382.png\" alt=\"Cadeira Com Bra\u00e7os Leme\" \/> &#8211; nas lojas Tok &#038; Stok BR<\/a><\/p>\n<p><img decoding=\"async\" src=\"https:\/\/tokstok.vteximg.com.br\/arquivos\/ids\/30932988_2\" alt=\"Cadeira Com Bra\u00e7os Leme\" \/><br \/>\nNada melhor do que amenizar o calor dos meses mais quentes do ano organizando reuni\u00f5es com a fam\u00edlia ou com os amigos em \u00e1reas externas da sua casa. Aproveite os fins de semana para momentos de intera\u00e7\u00e3o ao ar livre com os m\u00f3veis da cole\u00e7\u00e3o Leme, uma exclusividade Tok Stok. Seus itens s\u00e3o confeccionados em madeira maci\u00e7a Eucalipto com certifica\u00e7\u00e3o FSC, mat\u00e9ria-prima que garante a resist\u00eancia, a durabilidade e a conserva\u00e7\u00e3o do meio ambiente e a melhoria da condi\u00e7\u00e3o social do trabalhador da floresta. Outro diferencial \u00e9 o acabamento da madeira que permite seu uso em \u00e1reas externas (neste caso, alguns cuidados s\u00e3o necess\u00e1rios como a reaplica\u00e7\u00e3o do stain e guardar ap\u00f3s o uso).F\u00e1cil de ambientar, esta cadeira pode ser uma boa escolha para compor jardins, varandas e sacadas ou at\u00e9 mesmo para ambientes internos dos mais variados estilos seja na praia, no campo ou na cidade. E para deixar este momento ainda mais confort\u00e1vel, combine-a com a almofada da mesma linha (vendida separadamente). *Importante: A madeira exposta \u00e0 intemp\u00e9rie pode apresentar altera\u00e7\u00e3o na sua apar\u00eancia original. Por isso, sugerimos reaplicar o stain (vide instru\u00e7\u00f5es no manual de montagem) ao menos uma vez ao ano e apertar os parafusos periodicamente. Para maior durabilidade do produto, sugerimos guardar em ambiente coberto.<\/p>\n<hr \/>\n<h4>Aproveite e pesquise o pre\u00e7o deste produto em dezenas de lojas dos marketplaces abaixo:<\/h4>\n<p><a href=\"https:\/\/www.magazinevoce.com.br\/magazineezu\/busca\/Cadeira Com Bra\u00e7os Leme\/\" target=\"_blank\" rel=\"noopener\"><img decoding=\"async\" src=\"https:\/\/bateroda.com.br\/marketplace\/logos\/magaezu.jpg\" alt=\"Pesquise no Magazine eZu\" \/> &#8211; Magazine eZu<\/a><\/p>\n<hr \/>\n<p><!-- START ADVERTISER: Webcontinental BR from awin.com --><\/p>\n<p><a href=\"https:\/\/www.awin1.com\/cread.php?awinmid=17743&#038;awinaffid=690303&#038;ued=https%3A%2F%2Fwww.webcontinental.com.br%2FCadeira Com Bra\u00e7os Leme%3F_q%3DCadeira Com Bra\u00e7os Leme%26map%3Dft\" rel=\"sponsored\"><img decoding=\"async\" src=\"https:\/\/lojawebcontinental.vtexassets.com\/arquivos\/logo-webcontinental-checkout.png\" border=\"0\" \/> &#8211; Loja Online.<\/a><\/p>\n<p><!-- END ADVERTISER: Webcontinental BR from awin.com --><\/p>\n","protected":false},"excerpt":{"rendered":"<p>R$ 999.90 nas lojas <a href=\"https:\/\/www.awin1.com\/pclick.php?p=38989951956&#038;a=690303&#038;m=36382\" target=\"_blank\" rel=\"sponsored\">Tok &#038; Stok BR<\/a> <a class=\"more-link\" href=\"https:\/\/bonoro.com.br\/shop\/2026\/06\/cadeira-com-bracos-leme-r-999-90\/\">\u2192<\/a><\/p>\n","protected":false},"author":1,"featured_media":0,"comment_status":"closed","ping_status":"closed","sticky":false,"template":"","format":"standard","meta":{"footnotes":""},"categories":[198],"tags":[23572,33802,29066,143],"class_list":["post-249172","post","type-post","status-publish","format-standard","hentry","category-produtos","tag-999-90","tag-cadeira-com-bracos-leme","tag-moveis-bancos-e-cadeiras-cadeira-para-varanda-e-jardim","tag-tok-stok-br"],"_links":{"self":[{"href":"https:\/\/bonoro.com.br\/shop\/wp-json\/wp\/v2\/posts\/249172","targetHints":{"allow":["GET"]}}],"collection":[{"href":"https:\/\/bonoro.com.br\/shop\/wp-json\/wp\/v2\/posts"}],"about":[{"href":"https:\/\/bonoro.com.br\/shop\/wp-json\/wp\/v2\/types\/post"}],"author":[{"embeddable":true,"href":"https:\/\/bonoro.com.br\/shop\/wp-json\/wp\/v2\/users\/1"}],"replies":[{"embeddable":true,"href":"https:\/\/bonoro.com.br\/shop\/wp-json\/wp\/v2\/comments?post=249172"}],"version-history":[{"count":0,"href":"https:\/\/bonoro.com.br\/shop\/wp-json\/wp\/v2\/posts\/249172\/revisions"}],"wp:attachment":[{"href":"https:\/\/bonoro.com.br\/shop\/wp-json\/wp\/v2\/media?parent=249172"}],"wp:term":[{"taxonomy":"category","embeddable":true,"href":"https:\/\/bonoro.com.br\/shop\/wp-json\/wp\/v2\/categories?post=249172"},{"taxonomy":"post_tag","embeddable":true,"href":"https:\/\/bonoro.com.br\/shop\/wp-json\/wp\/v2\/tags?post=249172"}],"curies":[{"name":"wp","href":"https:\/\/api.w.org\/{rel}","templated":true}]}}