{"id":244541,"date":"2026-06-29T20:24:13","date_gmt":"2026-06-29T20:24:13","guid":{"rendered":"https:\/\/bonoro.com.br\/shop\/2026\/06\/mesa-240-m-x-92-cm-leme-r-3299-00\/"},"modified":"2026-06-29T20:24:13","modified_gmt":"2026-06-29T20:24:13","slug":"mesa-240-m-x-92-cm-leme-r-3299-00","status":"publish","type":"post","link":"https:\/\/bonoro.com.br\/shop\/2026\/06\/mesa-240-m-x-92-cm-leme-r-3299-00\/","title":{"rendered":"Mesa 2,40 M X 92 Cm Leme &#8211; R$ 3299.00"},"content":{"rendered":"<h2>M\u00f3veis > Mesas > Mesa para Varanda e Jardim<\/h2>\n<h3>Mesa 2,40 M X 92 Cm Leme teve o pre\u00e7o, no dia acima especificado, de <strong>R$ 3299.00<\/strong>.<\/h3>\n<p>Confira o pre\u00e7o atual aqui: <a href=\"https:\/\/www.awin1.com\/cread.php?awinmid=36382&#038;awinaffid=690303&#038;ued=https:\/\/www.tokstok.com.br\/mesa-2-40-m-x-92-cm-tamarindo-leme\/p?idsku=341235\" rel=\"sponsored\" target=\"_blank\"><img decoding=\"async\" src=\"https:\/\/ui.awin.com\/images\/upload\/merchant\/profile\/36382.png\" alt=\"Mesa 2,40 M X 92 Cm Leme\" \/> &#8211; nas lojas Tok &#038; Stok BR<\/a><\/p>\n<p><img decoding=\"async\" src=\"https:\/\/tokstok.vteximg.com.br\/arquivos\/ids\/25443393_2\" alt=\"Mesa 2,40 M X 92 Cm Leme\" \/><br \/>\nNada melhor do que amenizar o calor dos meses mais quentes do ano organizando reuni\u00f5es com a fam\u00edlia ou com os amigos em \u00e1reas externas da sua casa. Aproveite os fins de semana para momentos de intera\u00e7\u00e3o ao ar livre com os m\u00f3veis da cole\u00e7\u00e3o Leme, uma exclusividade Tok Stok. A mesa Leme \u00e9 confeccionada em madeira maci\u00e7a Eucalipto com certifica\u00e7\u00e3o FSC, mat\u00e9ria-prima que garante a resist\u00eancia, a durabilidade e a conserva\u00e7\u00e3o do meio ambiente e a melhoria da condi\u00e7\u00e3o social do trabalhador da floresta. Outro diferencial \u00e9 o acabamento da madeira que permite seu uso em \u00e1reas externas (neste caso, alguns cuidados s\u00e3o necess\u00e1rios como a reaplica\u00e7\u00e3o do stain e guardar ap\u00f3s o uso). Ampla, ela \u00e9 pe\u00e7a-chave na decora\u00e7\u00e3o e pode ser uma \u00f3tima solu\u00e7\u00e3o para compor espa\u00e7os de jardins, varandas ou at\u00e9 mesmo para ambientes internos sejam na praia, no campo ou na cidade. Al\u00e9m diso, possui medidas que permitem acomodar at\u00e9 8 pessoas confortavelmente e furo central para guarda-s\u00f3is com haste de at\u00e9 4,5 cm de di\u00e2metro. Uma combina\u00e7\u00e3o com ombrelone e o conjunto de cadeiras da mesma linha (vendidas separadamente) garantir\u00e1 um d\u00e9cor ainda mais completo e aconchegante.*Importante: A madeira exposta \u00e0 intemp\u00e9rie pode apresentar altera\u00e7\u00e3o na sua apar\u00eancia original. Por isso, sugerimos reaplicar o stain (vide instru\u00e7\u00f5es no manual de montagem) ao menos uma vez ao ano e apertar os parafusos periodicamente. Para maior durabilidade do produto, sugerimos guardar em ambiente coberto.<\/p>\n<hr \/>\n<h4>Aproveite e pesquise o pre\u00e7o deste produto em dezenas de lojas dos marketplaces abaixo:<\/h4>\n<p><a href=\"https:\/\/www.magazinevoce.com.br\/magazineezu\/busca\/Mesa 2,40 M X 92 Cm Leme\/\" target=\"_blank\" rel=\"noopener\"><img decoding=\"async\" src=\"https:\/\/bateroda.com.br\/marketplace\/logos\/magaezu.jpg\" alt=\"Pesquise no Magazine eZu\" \/> &#8211; Magazine eZu<\/a><\/p>\n<hr \/>\n<p><!-- START ADVERTISER: Webcontinental BR from awin.com --><\/p>\n<p><a href=\"https:\/\/www.awin1.com\/cread.php?awinmid=17743&#038;awinaffid=690303&#038;ued=https%3A%2F%2Fwww.webcontinental.com.br%2FMesa 2,40 M X 92 Cm Leme%3F_q%3DMesa 2,40 M X 92 Cm Leme%26map%3Dft\" rel=\"sponsored\"><img decoding=\"async\" src=\"https:\/\/lojawebcontinental.vtexassets.com\/arquivos\/logo-webcontinental-checkout.png\" border=\"0\" \/> &#8211; Loja Online.<\/a><\/p>\n<p><!-- END ADVERTISER: Webcontinental BR from awin.com --><\/p>\n","protected":false},"excerpt":{"rendered":"<p>R$ 3299.00 nas lojas <a href=\"https:\/\/www.awin1.com\/pclick.php?p=34785205205&#038;a=690303&#038;m=36382\" target=\"_blank\" rel=\"sponsored\">Tok &#038; Stok BR<\/a> <a class=\"more-link\" href=\"https:\/\/bonoro.com.br\/shop\/2026\/06\/mesa-240-m-x-92-cm-leme-r-3299-00\/\">\u2192<\/a><\/p>\n","protected":false},"author":1,"featured_media":0,"comment_status":"closed","ping_status":"closed","sticky":false,"template":"","format":"standard","meta":{"footnotes":""},"categories":[198],"tags":[17520,29843,29845,28963,143],"class_list":["post-244541","post","type-post","status-publish","format-standard","hentry","category-produtos","tag-3299-00","tag-40-m-x-92-cm-leme","tag-mesa-2","tag-moveis-mesas-mesa-para-varanda-e-jardim","tag-tok-stok-br"],"_links":{"self":[{"href":"https:\/\/bonoro.com.br\/shop\/wp-json\/wp\/v2\/posts\/244541","targetHints":{"allow":["GET"]}}],"collection":[{"href":"https:\/\/bonoro.com.br\/shop\/wp-json\/wp\/v2\/posts"}],"about":[{"href":"https:\/\/bonoro.com.br\/shop\/wp-json\/wp\/v2\/types\/post"}],"author":[{"embeddable":true,"href":"https:\/\/bonoro.com.br\/shop\/wp-json\/wp\/v2\/users\/1"}],"replies":[{"embeddable":true,"href":"https:\/\/bonoro.com.br\/shop\/wp-json\/wp\/v2\/comments?post=244541"}],"version-history":[{"count":0,"href":"https:\/\/bonoro.com.br\/shop\/wp-json\/wp\/v2\/posts\/244541\/revisions"}],"wp:attachment":[{"href":"https:\/\/bonoro.com.br\/shop\/wp-json\/wp\/v2\/media?parent=244541"}],"wp:term":[{"taxonomy":"category","embeddable":true,"href":"https:\/\/bonoro.com.br\/shop\/wp-json\/wp\/v2\/categories?post=244541"},{"taxonomy":"post_tag","embeddable":true,"href":"https:\/\/bonoro.com.br\/shop\/wp-json\/wp\/v2\/tags?post=244541"}],"curies":[{"name":"wp","href":"https:\/\/api.w.org\/{rel}","templated":true}]}}