{"id":243847,"date":"2026-06-29T04:02:55","date_gmt":"2026-06-29T04:02:55","guid":{"rendered":"https:\/\/bonoro.com.br\/shop\/2026\/06\/bandeja-45-cm-x-30-cm-feira-r-129-90\/"},"modified":"2026-06-29T04:02:55","modified_gmt":"2026-06-29T04:02:55","slug":"bandeja-45-cm-x-30-cm-feira-r-129-90","status":"publish","type":"post","link":"https:\/\/bonoro.com.br\/shop\/2026\/06\/bandeja-45-cm-x-30-cm-feira-r-129-90\/","title":{"rendered":"Bandeja 45 Cm X 30 Cm Feira &#8211; R$ 129.90"},"content":{"rendered":"<h2>Mesa Posta > Utens\u00edlios para servir > Bandeja<\/h2>\n<h3>Bandeja 45 Cm X 30 Cm Feira teve o pre\u00e7o, no dia acima especificado, de <strong>R$ 129.90<\/strong>.<\/h3>\n<p>Confira o pre\u00e7o atual aqui: <a href=\"https:\/\/www.awin1.com\/cread.php?awinmid=36382&#038;awinaffid=690303&#038;ued=https:\/\/www.tokstok.com.br\/bandeja-45-cm-x-30-cm-encerado-castanho-feira\/p?idsku=265808\" rel=\"sponsored\" target=\"_blank\"><img decoding=\"async\" src=\"https:\/\/ui.awin.com\/images\/upload\/merchant\/profile\/36382.png\" alt=\"Bandeja 45 Cm X 30 Cm Feira\" \/> &#8211; nas lojas Tok &#038; Stok BR<\/a><\/p>\n<p><img decoding=\"async\" src=\"https:\/\/tokstok.vteximg.com.br\/arquivos\/ids\/24469040_2\" alt=\"Bandeja 45 Cm X 30 Cm Feira\" \/><br \/>\nLocalizada na comunidade Vale do Sol, em Barueri, S\u00e3o Paulo, a Cooperativa Unindo For\u00e7as, liderada por Jord\u00e2nia Pereira, identificou, h\u00e1 20 anos, a oportunidade de neg\u00f3cio sustent\u00e1vel ao presenciar o frequente descarte de paletes &#8211; que eram queimados na regi\u00e3o.Hoje, al\u00e9m de proporcionar uma melhora na autoestima da comunidade, contribui com o meio ambiente e com a gera\u00e7\u00e3o renda e qualidade de vida de 22 colaboradores em sua maioria, mulheres entre 35 e 60 anos de idade.Criatividade, transforma\u00e7\u00e3o e dedica\u00e7\u00e3o em pe\u00e7as trabalhadas manualmente por meio da marcenaria tradicional.Desde a abertura da nossa primeira loja, em 1978, a Tok Stok \u00e9 refer\u00eancia em artesanato e arte popular brasileira em suas in\u00fameras express\u00f5es &#8211; design, cultura, ancestralidade e identidade pr\u00f3pria &#8211; que revelam todo o potencial criativo e saberes do nosso povo.Esta cole\u00e7\u00e3o \u00e9 um recorte aut\u00eantico e repleto de nuances em uma imers\u00e3o, de norte a sul, no Brasil feito \u00e0 m\u00e3o.A Tok Stok valoriza e incentiva o artesanato do nosso pa\u00eds.<\/p>\n<hr \/>\n<h4>Aproveite e pesquise o pre\u00e7o deste produto em dezenas de lojas dos marketplaces abaixo:<\/h4>\n<p><a href=\"https:\/\/www.magazinevoce.com.br\/magazineezu\/busca\/Bandeja 45 Cm X 30 Cm Feira\/\" target=\"_blank\" rel=\"noopener\"><img decoding=\"async\" src=\"https:\/\/bateroda.com.br\/marketplace\/logos\/magaezu.jpg\" alt=\"Pesquise no Magazine eZu\" \/> &#8211; Magazine eZu<\/a><\/p>\n<hr \/>\n<p><!-- START ADVERTISER: Webcontinental BR from awin.com --><\/p>\n<p><a href=\"https:\/\/www.awin1.com\/cread.php?awinmid=17743&#038;awinaffid=690303&#038;ued=https%3A%2F%2Fwww.webcontinental.com.br%2FBandeja 45 Cm X 30 Cm Feira%3F_q%3DBandeja 45 Cm X 30 Cm Feira%26map%3Dft\" rel=\"sponsored\"><img decoding=\"async\" src=\"https:\/\/lojawebcontinental.vtexassets.com\/arquivos\/logo-webcontinental-checkout.png\" border=\"0\" \/> &#8211; Loja Online.<\/a><\/p>\n<p><!-- END ADVERTISER: Webcontinental BR from awin.com --><\/p>\n","protected":false},"excerpt":{"rendered":"<p>R$ 129.90 nas lojas <a href=\"https:\/\/www.awin1.com\/pclick.php?p=34335039035&#038;a=690303&#038;m=36382\" target=\"_blank\" rel=\"sponsored\">Tok &#038; Stok BR<\/a> <a class=\"more-link\" href=\"https:\/\/bonoro.com.br\/shop\/2026\/06\/bandeja-45-cm-x-30-cm-feira-r-129-90\/\">\u2192<\/a><\/p>\n","protected":false},"author":1,"featured_media":0,"comment_status":"closed","ping_status":"closed","sticky":false,"template":"","format":"standard","meta":{"footnotes":""},"categories":[198],"tags":[2469,29092,28925,143],"class_list":["post-243847","post","type-post","status-publish","format-standard","hentry","category-produtos","tag-129-90","tag-bandeja-45-cm-x-30-cm-feira","tag-mesa-posta-utensilios-para-servir-bandeja","tag-tok-stok-br"],"_links":{"self":[{"href":"https:\/\/bonoro.com.br\/shop\/wp-json\/wp\/v2\/posts\/243847","targetHints":{"allow":["GET"]}}],"collection":[{"href":"https:\/\/bonoro.com.br\/shop\/wp-json\/wp\/v2\/posts"}],"about":[{"href":"https:\/\/bonoro.com.br\/shop\/wp-json\/wp\/v2\/types\/post"}],"author":[{"embeddable":true,"href":"https:\/\/bonoro.com.br\/shop\/wp-json\/wp\/v2\/users\/1"}],"replies":[{"embeddable":true,"href":"https:\/\/bonoro.com.br\/shop\/wp-json\/wp\/v2\/comments?post=243847"}],"version-history":[{"count":0,"href":"https:\/\/bonoro.com.br\/shop\/wp-json\/wp\/v2\/posts\/243847\/revisions"}],"wp:attachment":[{"href":"https:\/\/bonoro.com.br\/shop\/wp-json\/wp\/v2\/media?parent=243847"}],"wp:term":[{"taxonomy":"category","embeddable":true,"href":"https:\/\/bonoro.com.br\/shop\/wp-json\/wp\/v2\/categories?post=243847"},{"taxonomy":"post_tag","embeddable":true,"href":"https:\/\/bonoro.com.br\/shop\/wp-json\/wp\/v2\/tags?post=243847"}],"curies":[{"name":"wp","href":"https:\/\/api.w.org\/{rel}","templated":true}]}}