{"id":243168,"date":"2026-06-23T23:41:20","date_gmt":"2026-06-23T23:41:20","guid":{"rendered":"https:\/\/bonoro.com.br\/shop\/2026\/06\/paneleiro-cozinha-modulada-herval-denver-mdp-branco-artico-e-freijo-2-portas-r-661-11\/"},"modified":"2026-06-23T23:41:20","modified_gmt":"2026-06-23T23:41:20","slug":"paneleiro-cozinha-modulada-herval-denver-mdp-branco-artico-e-freijo-2-portas-r-661-11","status":"publish","type":"post","link":"https:\/\/bonoro.com.br\/shop\/2026\/06\/paneleiro-cozinha-modulada-herval-denver-mdp-branco-artico-e-freijo-2-portas-r-661-11\/","title":{"rendered":"Paneleiro Cozinha Modulada Herval Denver, MDP, Branco \u00c1rtico e Freij\u00f3, 2 Portas &#8211; R$ 661.11"},"content":{"rendered":"<h2>Cozinhas direto de f\u00e1brica > Cozinha Modulada<\/h2>\n<h3>Paneleiro Cozinha Modulada Herval Denver, MDP, Branco \u00c1rtico e Freij\u00f3, 2 Portas teve o pre\u00e7o, no dia acima especificado, de <strong>R$ 661.11<\/strong>.<\/h3>\n<p>Confira o pre\u00e7o atual aqui: <a href=\"https:\/\/www.awin1.com\/cread.php?awinmid=35161&#038;awinaffid=690303&#038;ued=https:\/\/www.voulevar.com.br\/paneleiro-cozinha-modulada-herval-denver-mdp-branco-e-freijo-2-portas\/100012016\" rel=\"sponsored\" target=\"_blank\"><img decoding=\"async\" src=\"https:\/\/ui.awin.com\/images\/upload\/merchant\/profile\/35161.png\" alt=\"Paneleiro Cozinha Modulada Herval Denver, MDP, Branco \u00c1rtico e Freij\u00f3, 2 Portas\" \/> &#8211; nas lojas Vou Levar BR<\/a><\/p>\n<p><img decoding=\"async\" src=\"https:\/\/www.voulevar.com.br\/ccstore\/v1\/images\/?source=\/file\/v3826054005212499391\/products\/100012016.00.639173855894840668-paneleiro-cozinha-modulada-herval-denver-mdp-branco-e-freijo-2-portas.jpg\" alt=\"Paneleiro Cozinha Modulada Herval Denver, MDP, Branco \u00c1rtico e Freij\u00f3, 2 Portas\" \/><br \/>\nPH3113 MOD. PENEL. 60CM 2P FREIJO_R#8585<\/p>\n<hr \/>\n<h4>Aproveite e pesquise o pre\u00e7o deste produto em dezenas de lojas dos marketplaces abaixo:<\/h4>\n<p><a href=\"https:\/\/www.magazinevoce.com.br\/magazineezu\/busca\/Paneleiro Cozinha Modulada Herval Denver, MDP, Branco \u00c1rtico e Freij\u00f3, 2 Portas\/\" target=\"_blank\" rel=\"noopener\"><img decoding=\"async\" src=\"https:\/\/bateroda.com.br\/marketplace\/logos\/magaezu.jpg\" alt=\"Pesquise no Magazine eZu\" \/> &#8211; Magazine eZu<\/a><\/p>\n<hr \/>\n<p><!-- START ADVERTISER: Webcontinental BR from awin.com --><\/p>\n<p><a href=\"https:\/\/www.awin1.com\/cread.php?awinmid=17743&#038;awinaffid=690303&#038;ued=https%3A%2F%2Fwww.webcontinental.com.br%2FPaneleiro Cozinha Modulada Herval Denver, MDP, Branco \u00c1rtico e Freij\u00f3, 2 Portas%3F_q%3DPaneleiro Cozinha Modulada Herval Denver, MDP, Branco \u00c1rtico e Freij\u00f3, 2 Portas%26map%3Dft\" rel=\"sponsored\"><img decoding=\"async\" src=\"https:\/\/lojawebcontinental.vtexassets.com\/arquivos\/logo-webcontinental-checkout.png\" border=\"0\" \/> &#8211; Loja Online.<\/a><\/p>\n<p><!-- END ADVERTISER: Webcontinental BR from awin.com --><\/p>\n","protected":false},"excerpt":{"rendered":"<p>R$ 661.11 nas lojas <a href=\"https:\/\/www.awin1.com\/pclick.php?p=44077202980&#038;a=690303&#038;m=35161\" target=\"_blank\" rel=\"sponsored\">Vou Levar BR<\/a> <a class=\"more-link\" href=\"https:\/\/bonoro.com.br\/shop\/2026\/06\/paneleiro-cozinha-modulada-herval-denver-mdp-branco-artico-e-freijo-2-portas-r-661-11\/\">\u2192<\/a><\/p>\n","protected":false},"author":1,"featured_media":0,"comment_status":"closed","ping_status":"closed","sticky":false,"template":"","format":"standard","meta":{"footnotes":""},"categories":[198],"tags":[26552,28166,28192,26562,28000,28260,137],"class_list":["post-243168","post","type-post","status-publish","format-standard","hentry","category-produtos","tag-2-portas","tag-661-11","tag-branco-artico-e-freijo","tag-cozinhas-direto-de-fabrica-cozinha-modulada","tag-mdp","tag-paneleiro-cozinha-modulada-herval-denver","tag-vou-levar-br"],"_links":{"self":[{"href":"https:\/\/bonoro.com.br\/shop\/wp-json\/wp\/v2\/posts\/243168","targetHints":{"allow":["GET"]}}],"collection":[{"href":"https:\/\/bonoro.com.br\/shop\/wp-json\/wp\/v2\/posts"}],"about":[{"href":"https:\/\/bonoro.com.br\/shop\/wp-json\/wp\/v2\/types\/post"}],"author":[{"embeddable":true,"href":"https:\/\/bonoro.com.br\/shop\/wp-json\/wp\/v2\/users\/1"}],"replies":[{"embeddable":true,"href":"https:\/\/bonoro.com.br\/shop\/wp-json\/wp\/v2\/comments?post=243168"}],"version-history":[{"count":0,"href":"https:\/\/bonoro.com.br\/shop\/wp-json\/wp\/v2\/posts\/243168\/revisions"}],"wp:attachment":[{"href":"https:\/\/bonoro.com.br\/shop\/wp-json\/wp\/v2\/media?parent=243168"}],"wp:term":[{"taxonomy":"category","embeddable":true,"href":"https:\/\/bonoro.com.br\/shop\/wp-json\/wp\/v2\/categories?post=243168"},{"taxonomy":"post_tag","embeddable":true,"href":"https:\/\/bonoro.com.br\/shop\/wp-json\/wp\/v2\/tags?post=243168"}],"curies":[{"name":"wp","href":"https:\/\/api.w.org\/{rel}","templated":true}]}}