{"id":239110,"date":"2026-06-29T07:28:01","date_gmt":"2026-06-29T07:28:01","guid":{"rendered":"https:\/\/bonoro.com.br\/shop\/2026\/06\/conservador-vertical-1-porta-fricon-402-litros-vcfm402-branco-220v-r-4269-00\/"},"modified":"2026-06-29T07:28:01","modified_gmt":"2026-06-29T07:28:01","slug":"conservador-vertical-1-porta-fricon-402-litros-vcfm402-branco-220v-r-4269-00","status":"publish","type":"post","link":"https:\/\/bonoro.com.br\/shop\/2026\/06\/conservador-vertical-1-porta-fricon-402-litros-vcfm402-branco-220v-r-4269-00\/","title":{"rendered":"Conservador Vertical 1 Porta Fricon 402 Litros VCFM402 Branco &#8211; 220V &#8211; R$ 4269.00"},"content":{"rendered":"<h2>Com\u00e9rcio e Ind\u00fastria > Refrigera\u00e7\u00e3o Comercial > Refrigerador Expositor de Bebidas<\/h2>\n<h3>Conservador Vertical 1 Porta Fricon 402 Litros VCFM402 Branco &#8211; 220V teve o pre\u00e7o, no dia acima especificado, de <strong>R$ 4269.00<\/strong>.<\/h3>\n<p>Confira o pre\u00e7o atual aqui: <a href=\"https:\/\/www.awin1.com\/cread.php?awinmid=23524&#038;awinaffid=690303&#038;ued=https:\/\/www.dufrio.com.br\/expositor-refrigerado-de-bebidas-fricon-porta-de-vidro-402l-220v-vcfm-402.html\" rel=\"sponsored\" target=\"_blank\"><img decoding=\"async\" src=\"https:\/\/ui.awin.com\/images\/upload\/merchant\/profile\/23524.png\" alt=\"Conservador Vertical 1 Porta Fricon 402 Litros VCFM402 Branco - 220V\" \/> &#8211; nas lojas Dufrio BR<\/a><\/p>\n<p><img decoding=\"async\" src=\"https:\/\/www.dufrio.com.br\/media\/catalog\/product\/e\/x\/expositor-refrigerado-de-bebidas-fricon-porta-de-vidro-402l-220v-vcfm-402-985765_trzpx54rtiqmeiwd.jpg\" alt=\"Conservador Vertical 1 Porta Fricon 402 Litros VCFM402 Branco - 220V\" \/><br \/>\nConservador Vertical 1 Porta Fricon 402 Litros VCFM402 Branco &#8211; 220V Ideal para conserva\u00e7\u00e3o de bebidas, resfriados e latic\u00ednios (\u00e1gua, mate, iogurte, isot\u00f4nico, suco e refrigerante). Possui refrigera\u00e7\u00e3o for\u00e7ada, porta de vidro duplo temperado baixo emissivo com fechamento autom\u00e1tico e magnetizado, chapas internas e externas em a\u00e7o galvanizado pr\u00e9-pintado com alta resist\u00eancia \u00e0 corros\u00e3o, isolamento de poliuretano ecologicamente correto, prateleiras ajust\u00e1veis com pintura plastificada, sistema de ilumina\u00e7\u00e3o LED, puxador embutido, sistema de p\u00e9s niveladores, defrost (degelo natural), barra de tor\u00e7\u00e3o com exclusivo sistema Stop Inteligente e fechamento autom\u00e1tico da porta, termostato ajust\u00e1vel para m\u00e9dia temperatura, sistema de unidade condensadora remov\u00edvel para frente (f\u00e1cil acesso a manuten\u00e7\u00e3o), moldura com corte t\u00e9rmico, proporcionando maior efici\u00eancia energ\u00e9tica, grade frontal pl\u00e1stica injetada em material de alto impacto com prote\u00e7\u00e3o U.V. Topo iluminado (mershandising), temperatura de opera\u00e7\u00e3o de 35\u00b0C\/75% de umidade relativa do ar. Moldura com corte t\u00e9rmico Elimina suda\u00e7\u00e3o externa (maior efici\u00eancia energ\u00e9tica) Puxador embutido Unidade condensadora (f\u00e1cil acesso a manuten\u00e7\u00e3o) Grade frontal pl\u00e1stica injetada em material de alto impacto (prote\u00e7\u00e3o U.V.) Prateleiras ajust\u00e1veis com pintura plastificada.<\/p>\n<hr \/>\n<h4>Aproveite e pesquise o pre\u00e7o deste produto em dezenas de lojas dos marketplaces abaixo:<\/h4>\n<p><a href=\"https:\/\/www.magazinevoce.com.br\/magazineezu\/busca\/Conservador Vertical 1 Porta Fricon 402 Litros VCFM402 Branco - 220V\/\" target=\"_blank\" rel=\"noopener\"><img decoding=\"async\" src=\"https:\/\/bateroda.com.br\/marketplace\/logos\/magaezu.jpg\" alt=\"Pesquise no Magazine eZu\" \/> &#8211; Magazine eZu<\/a><\/p>\n<hr \/>\n<p><!-- START ADVERTISER: Webcontinental BR from awin.com --><\/p>\n<p><a href=\"https:\/\/www.awin1.com\/cread.php?awinmid=17743&#038;awinaffid=690303&#038;ued=https%3A%2F%2Fwww.webcontinental.com.br%2FConservador Vertical 1 Porta Fricon 402 Litros VCFM402 Branco - 220V%3F_q%3DConservador Vertical 1 Porta Fricon 402 Litros VCFM402 Branco - 220V%26map%3Dft\" rel=\"sponsored\"><img decoding=\"async\" src=\"https:\/\/lojawebcontinental.vtexassets.com\/arquivos\/logo-webcontinental-checkout.png\" border=\"0\" \/> &#8211; Loja Online.<\/a><\/p>\n<p><!-- END ADVERTISER: Webcontinental BR from awin.com --><\/p>\n","protected":false},"excerpt":{"rendered":"<p>R$ 4269.00 nas lojas <a href=\"https:\/\/www.awin1.com\/pclick.php?p=42297222857&#038;a=690303&#038;m=23524\" target=\"_blank\" rel=\"sponsored\">Dufrio BR<\/a> <a class=\"more-link\" href=\"https:\/\/bonoro.com.br\/shop\/2026\/06\/conservador-vertical-1-porta-fricon-402-litros-vcfm402-branco-220v-r-4269-00\/\">\u2192<\/a><\/p>\n","protected":false},"author":1,"featured_media":0,"comment_status":"closed","ping_status":"closed","sticky":false,"template":"","format":"standard","meta":{"footnotes":""},"categories":[198],"tags":[20291,17895,20290,85],"class_list":["post-239110","post","type-post","status-publish","format-standard","hentry","category-produtos","tag-4269-00","tag-comercio-e-industria-refrigeracao-comercial-refrigerador-expositor-de-bebidas","tag-conservador-vertical-1-porta-fricon-402-litros-vcfm402-branco-220v","tag-dufrio-br"],"_links":{"self":[{"href":"https:\/\/bonoro.com.br\/shop\/wp-json\/wp\/v2\/posts\/239110","targetHints":{"allow":["GET"]}}],"collection":[{"href":"https:\/\/bonoro.com.br\/shop\/wp-json\/wp\/v2\/posts"}],"about":[{"href":"https:\/\/bonoro.com.br\/shop\/wp-json\/wp\/v2\/types\/post"}],"author":[{"embeddable":true,"href":"https:\/\/bonoro.com.br\/shop\/wp-json\/wp\/v2\/users\/1"}],"replies":[{"embeddable":true,"href":"https:\/\/bonoro.com.br\/shop\/wp-json\/wp\/v2\/comments?post=239110"}],"version-history":[{"count":0,"href":"https:\/\/bonoro.com.br\/shop\/wp-json\/wp\/v2\/posts\/239110\/revisions"}],"wp:attachment":[{"href":"https:\/\/bonoro.com.br\/shop\/wp-json\/wp\/v2\/media?parent=239110"}],"wp:term":[{"taxonomy":"category","embeddable":true,"href":"https:\/\/bonoro.com.br\/shop\/wp-json\/wp\/v2\/categories?post=239110"},{"taxonomy":"post_tag","embeddable":true,"href":"https:\/\/bonoro.com.br\/shop\/wp-json\/wp\/v2\/tags?post=239110"}],"curies":[{"name":"wp","href":"https:\/\/api.w.org\/{rel}","templated":true}]}}